{"id":5932,"date":"2025-05-23T17:26:22","date_gmt":"2025-05-23T16:26:22","guid":{"rendered":"https:\/\/www.ecletismomusical.pt\/?p=5932"},"modified":"2025-05-23T17:27:11","modified_gmt":"2025-05-23T16:27:11","slug":"worth-listening-to-lubiana-farafina-mousso-womens-anthem","status":"publish","type":"post","link":"https:\/\/www.ecletismomusical.pt\/en\/worth-listening-to-lubiana-farafina-mousso-womens-anthem\/","title":{"rendered":"[Worth Listening To] Lubiana &#8211; Farafina Mousso (Women&#8217;s Anthem)"},"content":{"rendered":"<div class=\"wp-block-embed__wrapper\">\n<iframe width=\"900\" height=\"675\" src=\"https:\/\/www.youtube.com\/embed\/CHgr4Ihwops?feature=oembed\" frameborder=\"0\" allowfullscreen><\/iframe>\n<\/div>\n\n\n\n<p>Com ra\u00edzes entre a B\u00e9lgica e os Camar\u00f5es,<a href=\"http:\/\/Lubiana\"> <\/a><strong><a href=\"https:\/\/www.instagram.com\/lubiana_k\/\">Lubiana<\/a><\/strong> regressa com um tema que \u00e9 mais do que m\u00fasica \u2014 \u00e9 um manifesto.<strong> \u201cFarafina Mousso\u201d<\/strong> (em Bambara, \u201cmulher africana\u201d) \u00e9 uma can\u00e7\u00e3o que celebra a coragem, a resist\u00eancia e a beleza da mulher africana, e f\u00e1-lo com uma eleg\u00e2ncia que s\u00f3 uma artista profundamente conectada \u00e0s suas origens consegue.<\/p>\n\n\n\n<p>Acompanhada pelo rapper franco-ruand\u00eas <strong>Ga\u00ebl Faye<\/strong>, Lubiana constr\u00f3i um di\u00e1logo entre tradi\u00e7\u00e3o e modernidade, entre o kora ancestral que domina com mestria e os versos po\u00e9ticos que percorrem esta faixa como um fio condutor de identidade. <\/p>","protected":false},"excerpt":{"rendered":"<p>Com ra\u00edzes entre a B\u00e9lgica e os Camar\u00f5es, Lubiana regressa com um tema que \u00e9 mais do que m\u00fasica \u2014 \u00e9 um manifesto. \u201cFarafina Mousso\u201d (em Bambara, \u201cmulher africana\u201d) \u00e9 uma can\u00e7\u00e3o que celebra a coragem, a resist\u00eancia e a beleza da mulher africana, e f\u00e1-lo com uma eleg\u00e2ncia que s\u00f3 uma artista profundamente conectada<\/p>","protected":false},"author":1,"featured_media":6092,"comment_status":"open","ping_status":"open","sticky":false,"template":"","format":"standard","meta":[],"categories":[1,26,235,30],"tags":[1070,115],"_links":{"self":[{"href":"https:\/\/www.ecletismomusical.pt\/en\/wp-json\/wp\/v2\/posts\/5932"}],"collection":[{"href":"https:\/\/www.ecletismomusical.pt\/en\/wp-json\/wp\/v2\/posts"}],"about":[{"href":"https:\/\/www.ecletismomusical.pt\/en\/wp-json\/wp\/v2\/types\/post"}],"author":[{"embeddable":true,"href":"https:\/\/www.ecletismomusical.pt\/en\/wp-json\/wp\/v2\/users\/1"}],"replies":[{"embeddable":true,"href":"https:\/\/www.ecletismomusical.pt\/en\/wp-json\/wp\/v2\/comments?post=5932"}],"version-history":[{"count":3,"href":"https:\/\/www.ecletismomusical.pt\/en\/wp-json\/wp\/v2\/posts\/5932\/revisions"}],"predecessor-version":[{"id":6094,"href":"https:\/\/www.ecletismomusical.pt\/en\/wp-json\/wp\/v2\/posts\/5932\/revisions\/6094"}],"wp:featuredmedia":[{"embeddable":true,"href":"https:\/\/www.ecletismomusical.pt\/en\/wp-json\/wp\/v2\/media\/6092"}],"wp:attachment":[{"href":"https:\/\/www.ecletismomusical.pt\/en\/wp-json\/wp\/v2\/media?parent=5932"}],"wp:term":[{"taxonomy":"category","embeddable":true,"href":"https:\/\/www.ecletismomusical.pt\/en\/wp-json\/wp\/v2\/categories?post=5932"},{"taxonomy":"post_tag","embeddable":true,"href":"https:\/\/www.ecletismomusical.pt\/en\/wp-json\/wp\/v2\/tags?post=5932"}],"curies":[{"name":"wp","href":"https:\/\/api.w.org\/{rel}","templated":true}]}}