{"id":5935,"date":"2025-05-31T15:48:38","date_gmt":"2025-05-31T14:48:38","guid":{"rendered":"https:\/\/www.ecletismomusical.pt\/?p=5935"},"modified":"2025-05-31T15:48:50","modified_gmt":"2025-05-31T14:48:50","slug":"worth-listening-to-laura-marchal-la-veleta","status":"publish","type":"post","link":"https:\/\/www.ecletismomusical.pt\/en\/worth-listening-to-laura-marchal-la-veleta\/","title":{"rendered":"[Worth Listening to] Laura Marchal &#8211; La Veleta"},"content":{"rendered":"<div class=\"wp-block-embed__wrapper\">\n<iframe width=\"900\" height=\"506\" src=\"https:\/\/www.youtube.com\/embed\/F22NhJd4PYc?feature=oembed\" frameborder=\"0\" allowfullscreen><\/iframe>\n<\/div>\n\n\n\n<p>Com ra\u00edzes fundas na tradi\u00e7\u00e3o andaluza, <a href=\"https:\/\/www.instagram.com\/lauramarchalcantaora\/\">Laura Marchal<\/a> volta a mostrar que o flamenco vive, respira e se transforma. Em <em>\u201cLa Veleta\u201d<\/em>, a artista mergulha nas <strong>sevillanas<\/strong> com um respeito profundo pela forma, mas tamb\u00e9m com uma frescura emocional que a distingue.<\/p>\n\n\n\n<p><em>\u201cLa Veleta\u201d<\/em> sopra como um vento quente: inquieto, livre e imposs\u00edvel de ignorar.<\/p>","protected":false},"excerpt":{"rendered":"<p>Com ra\u00edzes fundas na tradi\u00e7\u00e3o andaluza, Laura Marchal volta a mostrar que o flamenco vive, respira e se transforma. Em \u201cLa Veleta\u201d, a artista mergulha nas sevillanas com um respeito profundo pela forma, mas tamb\u00e9m com uma frescura emocional que a distingue. \u201cLa Veleta\u201d sopra como um vento quente: inquieto, livre e imposs\u00edvel de ignorar.<\/p>","protected":false},"author":1,"featured_media":6177,"comment_status":"open","ping_status":"open","sticky":false,"template":"","format":"standard","meta":[],"categories":[1,30],"tags":[1086,115],"_links":{"self":[{"href":"https:\/\/www.ecletismomusical.pt\/en\/wp-json\/wp\/v2\/posts\/5935"}],"collection":[{"href":"https:\/\/www.ecletismomusical.pt\/en\/wp-json\/wp\/v2\/posts"}],"about":[{"href":"https:\/\/www.ecletismomusical.pt\/en\/wp-json\/wp\/v2\/types\/post"}],"author":[{"embeddable":true,"href":"https:\/\/www.ecletismomusical.pt\/en\/wp-json\/wp\/v2\/users\/1"}],"replies":[{"embeddable":true,"href":"https:\/\/www.ecletismomusical.pt\/en\/wp-json\/wp\/v2\/comments?post=5935"}],"version-history":[{"count":2,"href":"https:\/\/www.ecletismomusical.pt\/en\/wp-json\/wp\/v2\/posts\/5935\/revisions"}],"predecessor-version":[{"id":6178,"href":"https:\/\/www.ecletismomusical.pt\/en\/wp-json\/wp\/v2\/posts\/5935\/revisions\/6178"}],"wp:featuredmedia":[{"embeddable":true,"href":"https:\/\/www.ecletismomusical.pt\/en\/wp-json\/wp\/v2\/media\/6177"}],"wp:attachment":[{"href":"https:\/\/www.ecletismomusical.pt\/en\/wp-json\/wp\/v2\/media?parent=5935"}],"wp:term":[{"taxonomy":"category","embeddable":true,"href":"https:\/\/www.ecletismomusical.pt\/en\/wp-json\/wp\/v2\/categories?post=5935"},{"taxonomy":"post_tag","embeddable":true,"href":"https:\/\/www.ecletismomusical.pt\/en\/wp-json\/wp\/v2\/tags?post=5935"}],"curies":[{"name":"wp","href":"https:\/\/api.w.org\/{rel}","templated":true}]}}