{"id":594,"date":"2010-04-06T12:08:00","date_gmt":"2010-04-06T12:08:00","guid":{"rendered":"https:\/\/ecletismomusical.pt\/um-tratado-sobre-a-musica-alternativa-dark-was-the-night\/"},"modified":"2010-04-06T12:08:00","modified_gmt":"2010-04-06T12:08:00","slug":"um-tratado-sobre-a-musica-alternativa-dark-was-the-night","status":"publish","type":"post","link":"https:\/\/www.ecletismomusical.pt\/en\/um-tratado-sobre-a-musica-alternativa-dark-was-the-night\/","title":{"rendered":"Um tratado sobre a m\u00fasica alternativa&#8230;\u00abDark was the night&#8230;\u00bb"},"content":{"rendered":"<div style=\"clear: both;text-align: center\"><a href=\"http:\/\/funhell.files.wordpress.com\/2009\/01\/dark-was-the-night.jpg\" style=\"clear: left;float: left;margin-bottom: 1em;margin-right: 1em\"><img height=\"200\" src=\"http:\/\/funhell.files.wordpress.com\/2009\/01\/dark-was-the-night.jpg\" width=\"200\" \/><\/a><\/div>\n<p><\/p>\n<div style=\"font-family: Arial,Helvetica,sans-serif;text-align: justify\"><i>Ao celebrar duas d\u00e9cadas de vida, a Red Hot, organiza\u00e7\u00e3o fundada com o objectivo de alertar e consciencializar o mundo para as consequ\u00eancias do v\u00edrus da Sida, atrav\u00e9s das mais variadas formas de express\u00e3o cultural, lan\u00e7a a sua vig\u00e9sima edi\u00e7\u00e3o.<\/i><\/div>\n<div style=\"font-family: Arial,Helvetica,sans-serif;text-align: justify\"><a href=\"http:\/\/www.blogger.com\/goog_912888902\"><b><i><br \/><\/i><\/b><\/a><\/div>\n<div style=\"font-family: Arial,Helvetica,sans-serif;text-align: justify\"><i><a href=\"http:\/\/www.4ad.com\/news\/dark-was-the-ni\/\"><b>Dark Was The Night<\/b><\/a>, curada pelos g\u00e9meos Aaron e Bryce Dessner, respectivamente baixista e guitarrista dos The National, \u00e9, ent\u00e3o, o \u00faltimo tomo de uma longa e conceituada tradi\u00e7\u00e3o das compila\u00e7\u00f5es Red Hot.<\/i><\/div>\n<div style=\"font-family: Arial,Helvetica,sans-serif;text-align: justify\"><i><br \/><\/i><\/div>\n<div style=\"font-family: Arial,Helvetica,sans-serif;text-align: justify\"><i>Duplo CD triplo LP, com 31 temas que s\u00f3 nestas edi\u00e7\u00f5es se podem encontrar, conta com alguns dos nomes mais respeitados do espectro alternativo internacional. Entre eles A<b>rcade Fire, Beirut, Antony, Cat Power, The National, Andrew Bird, Bon Iver, Conor Oberst, Yo La Tengo, Feist, Sharon Jones, David Byrne com os Dirty Projectors, Spoon, Stuart Murdoch, The Books com Jos\u00e9 Gonz\u00e1lez (cover do cl\u00e1ssico de Nick Drake Cello Song), Rice Boy Sleeps (projecto do vocalista dos Sigur R\u00f3s), David Sitek dos TV on the Radio e Kronos Quartet com uma vers\u00e3o do tema Dark Was The Night,<\/b> do bluesman Blind Willie Johnson, que cede o nome ao disco.<\/i><\/div>\n<p><\/p>\n<div style=\"font-family: Arial,Helvetica,sans-serif\">Um tratado sobre a m\u00fasica independente\/alternativa da actualidade.<\/div>","protected":false},"excerpt":{"rendered":"<p>Ao celebrar duas d\u00e9cadas de vida, a Red Hot, organiza\u00e7\u00e3o fundada com o objectivo de alertar e consciencializar o mundo para as consequ\u00eancias do v\u00edrus da Sida, atrav\u00e9s das mais variadas formas de express\u00e3o cultural, lan\u00e7a a sua vig\u00e9sima edi\u00e7\u00e3o. Dark Was The Night, curada pelos g\u00e9meos Aaron e Bryce Dessner, respectivamente baixista e guitarrista<\/p>","protected":false},"author":1,"featured_media":0,"comment_status":"open","ping_status":"open","sticky":false,"template":"","format":"standard","meta":[],"categories":[1],"tags":[],"_links":{"self":[{"href":"https:\/\/www.ecletismomusical.pt\/en\/wp-json\/wp\/v2\/posts\/594"}],"collection":[{"href":"https:\/\/www.ecletismomusical.pt\/en\/wp-json\/wp\/v2\/posts"}],"about":[{"href":"https:\/\/www.ecletismomusical.pt\/en\/wp-json\/wp\/v2\/types\/post"}],"author":[{"embeddable":true,"href":"https:\/\/www.ecletismomusical.pt\/en\/wp-json\/wp\/v2\/users\/1"}],"replies":[{"embeddable":true,"href":"https:\/\/www.ecletismomusical.pt\/en\/wp-json\/wp\/v2\/comments?post=594"}],"version-history":[{"count":0,"href":"https:\/\/www.ecletismomusical.pt\/en\/wp-json\/wp\/v2\/posts\/594\/revisions"}],"wp:attachment":[{"href":"https:\/\/www.ecletismomusical.pt\/en\/wp-json\/wp\/v2\/media?parent=594"}],"wp:term":[{"taxonomy":"category","embeddable":true,"href":"https:\/\/www.ecletismomusical.pt\/en\/wp-json\/wp\/v2\/categories?post=594"},{"taxonomy":"post_tag","embeddable":true,"href":"https:\/\/www.ecletismomusical.pt\/en\/wp-json\/wp\/v2\/tags?post=594"}],"curies":[{"name":"wp","href":"https:\/\/api.w.org\/{rel}","templated":true}]}}