{"id":6004,"date":"2025-05-18T21:03:20","date_gmt":"2025-05-18T20:03:20","guid":{"rendered":"https:\/\/www.ecletismomusical.pt\/?p=6004"},"modified":"2025-05-18T21:03:01","modified_gmt":"2025-05-18T20:03:01","slug":"worth-listening-to-luis-fercan","status":"publish","type":"post","link":"https:\/\/www.ecletismomusical.pt\/en\/worth-listening-to-luis-fercan\/","title":{"rendered":"[Worth Listening to] Luis Ferc\u00e1n"},"content":{"rendered":"<p>O cantautor galego<a href=\"https:\/\/www.instagram.com\/luisfercan\/\"> <strong>Luis Ferc\u00e1n<\/strong><\/a> acaba de lan\u00e7ar o seu primeiro \u00e1lbum ao vivo, <strong><em>En directo desde el Teatro Lara<\/em><\/strong>, uma obra que capta de forma crua e sincera a intensidade emocional que tem marcado o seu percurso art\u00edstico.<\/p>\n\n\n\n<p>Gravado durante duas noites esgotadas em novembro de 2024 no hist\u00f3rico <strong>Teatro Lara<\/strong> (Madrid), o \u00e1lbum apresenta 16 faixas num registo ac\u00fastico, <strong>sem amplifica\u00e7\u00e3o el\u00e9trica<\/strong>, onde a voz e a guitarra de Ferc\u00e1n ganham uma dimens\u00e3o ainda mais \u00edntima e arrebatadora. A produ\u00e7\u00e3o ficou a cargo de <strong>Nacho Mur<\/strong>, parceiro de longa data e c\u00famplice sonoro em v\u00e1rias fases da carreira do artista.<\/p>\n\n\n\n<div class=\"wp-block-embed__wrapper\">\n<iframe width=\"900\" height=\"506\" src=\"https:\/\/www.youtube.com\/embed\/GAf_jVY6mQs?feature=oembed\" frameborder=\"0\" allowfullscreen><\/iframe>\n<\/div>\n\n\n\n<p>Com interpreta\u00e7\u00f5es ao vivo de temas como <em>&#8220;<\/em><strong><em>Temple Bar&#8221;<\/em> <\/strong>and <em>&#8220;Airecillo&#8221;<\/em>, este disco \u00e9 uma celebra\u00e7\u00e3o da m\u00fasica feita com verdade, e uma oportunidade rara de sentir Luis Ferc\u00e1n como se estiv\u00e9ssemos ali, na primeira fila, de olhos fechados e cora\u00e7\u00e3o aberto.<\/p>\n\n\n\n<div class=\"wp-block-embed__wrapper\">\n<iframe style=\"border-radius: 12px\" width=\"100%\" height=\"352\" frameborder=\"0\" allowfullscreen src=\"https:\/\/open.spotify.com\/embed\/album\/3GiPig2kLG49O1TXhBBxoA?si=nc2hdRMVRbu3wIlrrkYjAA&#038;utm_source=oembed\"><\/iframe>\n<\/div>","protected":false},"excerpt":{"rendered":"<p>O cantautor galego Luis Ferc\u00e1n acaba de lan\u00e7ar o seu primeiro \u00e1lbum ao vivo, En directo desde el Teatro Lara, uma obra que capta de forma crua e sincera a intensidade emocional que tem marcado o seu percurso art\u00edstico. Gravado durante duas noites esgotadas em novembro de 2024 no hist\u00f3rico Teatro Lara (Madrid), o \u00e1lbum<\/p>","protected":false},"author":1,"featured_media":6007,"comment_status":"open","ping_status":"open","sticky":false,"template":"","format":"standard","meta":[],"categories":[1,175,529,30],"tags":[773,1054,1055,115],"_links":{"self":[{"href":"https:\/\/www.ecletismomusical.pt\/en\/wp-json\/wp\/v2\/posts\/6004"}],"collection":[{"href":"https:\/\/www.ecletismomusical.pt\/en\/wp-json\/wp\/v2\/posts"}],"about":[{"href":"https:\/\/www.ecletismomusical.pt\/en\/wp-json\/wp\/v2\/types\/post"}],"author":[{"embeddable":true,"href":"https:\/\/www.ecletismomusical.pt\/en\/wp-json\/wp\/v2\/users\/1"}],"replies":[{"embeddable":true,"href":"https:\/\/www.ecletismomusical.pt\/en\/wp-json\/wp\/v2\/comments?post=6004"}],"version-history":[{"count":2,"href":"https:\/\/www.ecletismomusical.pt\/en\/wp-json\/wp\/v2\/posts\/6004\/revisions"}],"predecessor-version":[{"id":6009,"href":"https:\/\/www.ecletismomusical.pt\/en\/wp-json\/wp\/v2\/posts\/6004\/revisions\/6009"}],"wp:featuredmedia":[{"embeddable":true,"href":"https:\/\/www.ecletismomusical.pt\/en\/wp-json\/wp\/v2\/media\/6007"}],"wp:attachment":[{"href":"https:\/\/www.ecletismomusical.pt\/en\/wp-json\/wp\/v2\/media?parent=6004"}],"wp:term":[{"taxonomy":"category","embeddable":true,"href":"https:\/\/www.ecletismomusical.pt\/en\/wp-json\/wp\/v2\/categories?post=6004"},{"taxonomy":"post_tag","embeddable":true,"href":"https:\/\/www.ecletismomusical.pt\/en\/wp-json\/wp\/v2\/tags?post=6004"}],"curies":[{"name":"wp","href":"https:\/\/api.w.org\/{rel}","templated":true}]}}