{"id":606,"date":"2010-03-02T18:02:00","date_gmt":"2010-03-02T18:02:00","guid":{"rendered":"https:\/\/ecletismomusical.pt\/the-xx-no-alive10\/"},"modified":"2010-03-02T18:02:00","modified_gmt":"2010-03-02T18:02:00","slug":"the-xx-no-alive10","status":"publish","type":"post","link":"https:\/\/www.ecletismomusical.pt\/en\/the-xx-no-alive10\/","title":{"rendered":"The xx no Alive!10 (!!!)"},"content":{"rendered":"<p><a href=\"http:\/\/www.myspace.com\/thexx\"><img style=\"width: 381px;height: 235px\" src=\"http:\/\/enjambra.files.wordpress.com\/2009\/08\/the_xx_-_owen_richards_2_copy2.jpg\" \/><\/a><\/p>\n<div style=\"text-align: justify;font-family: arial\">Depois de terem esgotado com v\u00e1rios meses de anteced\u00eancia a<span style=\"font-weight: bold\"> Aula Magna (25 de Maio) e a Casa da M\u00fasica<\/span> (26 de Maio), mesmo com bilhetes a 30\u20ac, a banda respons\u00e1vel por um dos melhores e mais surpreendentes \u00e1lbuns de 2009, estar\u00e1 no<span style=\"font-weight: bold\"> Festival Alive!10, no dia 8 de Julho.<\/span><\/div>\n<p><\/p>","protected":false},"excerpt":{"rendered":"<p>Depois de terem esgotado com v\u00e1rios meses de anteced\u00eancia a Aula Magna (25 de Maio) e a Casa da M\u00fasica (26 de Maio), mesmo com bilhetes a 30\u20ac, a banda respons\u00e1vel por um dos melhores e mais surpreendentes \u00e1lbuns de 2009, estar\u00e1 no Festival Alive!10, no dia 8 de Julho.<\/p>","protected":false},"author":1,"featured_media":0,"comment_status":"open","ping_status":"open","sticky":false,"template":"","format":"standard","meta":[],"categories":[1],"tags":[],"_links":{"self":[{"href":"https:\/\/www.ecletismomusical.pt\/en\/wp-json\/wp\/v2\/posts\/606"}],"collection":[{"href":"https:\/\/www.ecletismomusical.pt\/en\/wp-json\/wp\/v2\/posts"}],"about":[{"href":"https:\/\/www.ecletismomusical.pt\/en\/wp-json\/wp\/v2\/types\/post"}],"author":[{"embeddable":true,"href":"https:\/\/www.ecletismomusical.pt\/en\/wp-json\/wp\/v2\/users\/1"}],"replies":[{"embeddable":true,"href":"https:\/\/www.ecletismomusical.pt\/en\/wp-json\/wp\/v2\/comments?post=606"}],"version-history":[{"count":0,"href":"https:\/\/www.ecletismomusical.pt\/en\/wp-json\/wp\/v2\/posts\/606\/revisions"}],"wp:attachment":[{"href":"https:\/\/www.ecletismomusical.pt\/en\/wp-json\/wp\/v2\/media?parent=606"}],"wp:term":[{"taxonomy":"category","embeddable":true,"href":"https:\/\/www.ecletismomusical.pt\/en\/wp-json\/wp\/v2\/categories?post=606"},{"taxonomy":"post_tag","embeddable":true,"href":"https:\/\/www.ecletismomusical.pt\/en\/wp-json\/wp\/v2\/tags?post=606"}],"curies":[{"name":"wp","href":"https:\/\/api.w.org\/{rel}","templated":true}]}}