{"id":6088,"date":"2025-05-23T15:17:55","date_gmt":"2025-05-23T14:17:55","guid":{"rendered":"https:\/\/www.ecletismomusical.pt\/?p=6088"},"modified":"2025-05-23T15:18:50","modified_gmt":"2025-05-23T14:18:50","slug":"new-single-tres-tristes-tigres-agua","status":"publish","type":"post","link":"https:\/\/www.ecletismomusical.pt\/en\/new-single-tres-tristes-tigres-agua\/","title":{"rendered":"[New Single] Tr\u00eas Tristes Tigres &#8211; \u00c1gua"},"content":{"rendered":"<div class=\"wp-block-embed__wrapper\">\n<iframe width=\"900\" height=\"506\" src=\"https:\/\/www.youtube.com\/embed\/wNqQfiFbozk?feature=oembed\" frameborder=\"0\" allowfullscreen><\/iframe>\n<\/div>\n\n\n\n<p class=\"has-text-align-left\">Os hist\u00f3ricos\u00a0<strong>Tr\u00eas Tristes Tigres<\/strong> lan\u00e7am novo single do antecipado regresso previsto para Setembro.<br> <br>Depois de\u00a0<em>Anim\u00e1lia<\/em>\u00a0and\u00a0<em>Exodus<\/em>\u00a0(que conta com a participa\u00e7\u00e3o de A Garota N\u00e3o), trata-se de mais um tema de avan\u00e7o de\u00a0<em><strong>Arca<\/strong><\/em>, o novo disco a editar no dia\u00a0<strong>19 de setembro.<\/strong><\/p>\n\n\n\n<p>As letras deste novo disco,\u00a0a editar pela\u00a0<strong>Omnichord<\/strong>, com o apoio do Fundo Cultural da Sociedade Portuguesa de Autores e da Funda\u00e7\u00e3o GDA, continuam na sua maioria escritas pela poeta Regina Guimar\u00e3es e as m\u00fasicas s\u00e3o assinadas por Alexandre Soares e Ana Deus.<\/p>","protected":false},"excerpt":{"rendered":"<p>Os hist\u00f3ricos\u00a0Tr\u00eas Tristes Tigres lan\u00e7am novo single do antecipado regresso previsto para Setembro. Depois de\u00a0Anim\u00e1lia\u00a0e\u00a0Exodus\u00a0(que conta com a participa\u00e7\u00e3o de A Garota N\u00e3o), trata-se de mais um tema de avan\u00e7o de\u00a0Arca, o novo disco a editar no dia\u00a019 de setembro. As letras deste novo disco,\u00a0a editar pela\u00a0Omnichord, com o apoio do Fundo Cultural da Sociedade<\/p>","protected":false},"author":1,"featured_media":6090,"comment_status":"open","ping_status":"open","sticky":false,"template":"","format":"standard","meta":[],"categories":[22,1,529,26,263],"tags":[87,1069],"_links":{"self":[{"href":"https:\/\/www.ecletismomusical.pt\/en\/wp-json\/wp\/v2\/posts\/6088"}],"collection":[{"href":"https:\/\/www.ecletismomusical.pt\/en\/wp-json\/wp\/v2\/posts"}],"about":[{"href":"https:\/\/www.ecletismomusical.pt\/en\/wp-json\/wp\/v2\/types\/post"}],"author":[{"embeddable":true,"href":"https:\/\/www.ecletismomusical.pt\/en\/wp-json\/wp\/v2\/users\/1"}],"replies":[{"embeddable":true,"href":"https:\/\/www.ecletismomusical.pt\/en\/wp-json\/wp\/v2\/comments?post=6088"}],"version-history":[{"count":1,"href":"https:\/\/www.ecletismomusical.pt\/en\/wp-json\/wp\/v2\/posts\/6088\/revisions"}],"predecessor-version":[{"id":6091,"href":"https:\/\/www.ecletismomusical.pt\/en\/wp-json\/wp\/v2\/posts\/6088\/revisions\/6091"}],"wp:featuredmedia":[{"embeddable":true,"href":"https:\/\/www.ecletismomusical.pt\/en\/wp-json\/wp\/v2\/media\/6090"}],"wp:attachment":[{"href":"https:\/\/www.ecletismomusical.pt\/en\/wp-json\/wp\/v2\/media?parent=6088"}],"wp:term":[{"taxonomy":"category","embeddable":true,"href":"https:\/\/www.ecletismomusical.pt\/en\/wp-json\/wp\/v2\/categories?post=6088"},{"taxonomy":"post_tag","embeddable":true,"href":"https:\/\/www.ecletismomusical.pt\/en\/wp-json\/wp\/v2\/tags?post=6088"}],"curies":[{"name":"wp","href":"https:\/\/api.w.org\/{rel}","templated":true}]}}