{"id":6119,"date":"2025-05-25T10:53:52","date_gmt":"2025-05-25T09:53:52","guid":{"rendered":"https:\/\/www.ecletismomusical.pt\/?p=6119"},"modified":"2025-05-25T10:53:58","modified_gmt":"2025-05-25T09:53:58","slug":"worth-listening-to-las-migas","status":"publish","type":"post","link":"https:\/\/www.ecletismomusical.pt\/en\/worth-listening-to-las-migas\/","title":{"rendered":"[Worth Listening to] Las Migas"},"content":{"rendered":"<p><strong><a href=\"https:\/\/www.instagram.com\/las_migas\/\">Las Migas<\/a><\/strong> que s\u00e3o formadas por Marta Robles e Alicia Grillo nas guitarras, Laura Pacios no violino e Carolina Fern\u00e1ndez &#8220;La Chispa&#8221; na voz principal, s\u00e3o um dos mais interessantes projectos da m\u00fasica espanhola atual, combinando tradi\u00e7\u00e3o, inova\u00e7\u00e3o e elevando o Flamenco a arte maior.<\/p>\n\n\n\n<div class=\"wp-block-embed__wrapper\">\n<iframe width=\"900\" height=\"506\" src=\"https:\/\/www.youtube.com\/embed\/El1Ra5I_ciQ?feature=oembed\" frameborder=\"0\" allowfullscreen><\/iframe>\n<\/div>\n\n\n\n<p>Preparam-se para lan\u00e7ar o seu novo \u00e1lbum, intitulado <strong>&#8220;Flamencas&#8221;<\/strong>, no pr\u00f3ximo dia <strong>30 de maio de 2025<\/strong>. Este trabalho representa uma homenagem \u00e0s ra\u00edzes do flamenco, explorando diversos <em>palos e cantes <\/em>tradicionais, sem perder a identidade contempor\u00e2nea que caracteriza o grupo.<\/p>\n\n\n\n<div class=\"wp-block-embed__wrapper\">\n<iframe width=\"900\" height=\"506\" src=\"https:\/\/www.youtube.com\/embed\/GFE5EU7MHfc?feature=oembed\" frameborder=\"0\" allowfullscreen><\/iframe>\n<\/div>","protected":false},"excerpt":{"rendered":"<p>Las Migas que s\u00e3o formadas por Marta Robles e Alicia Grillo nas guitarras, Laura Pacios no violino e Carolina Fern\u00e1ndez &#8220;La Chispa&#8221; na voz principal, s\u00e3o um dos mais interessantes projectos da m\u00fasica espanhola atual, combinando tradi\u00e7\u00e3o, inova\u00e7\u00e3o e elevando o Flamenco a arte maior. Preparam-se para lan\u00e7ar o seu novo \u00e1lbum, intitulado &#8220;Flamencas&#8221;, no<\/p>","protected":false},"author":1,"featured_media":6123,"comment_status":"open","ping_status":"open","sticky":false,"template":"","format":"standard","meta":[],"categories":[1,529,235,30],"tags":[1022,1076,115],"_links":{"self":[{"href":"https:\/\/www.ecletismomusical.pt\/en\/wp-json\/wp\/v2\/posts\/6119"}],"collection":[{"href":"https:\/\/www.ecletismomusical.pt\/en\/wp-json\/wp\/v2\/posts"}],"about":[{"href":"https:\/\/www.ecletismomusical.pt\/en\/wp-json\/wp\/v2\/types\/post"}],"author":[{"embeddable":true,"href":"https:\/\/www.ecletismomusical.pt\/en\/wp-json\/wp\/v2\/users\/1"}],"replies":[{"embeddable":true,"href":"https:\/\/www.ecletismomusical.pt\/en\/wp-json\/wp\/v2\/comments?post=6119"}],"version-history":[{"count":2,"href":"https:\/\/www.ecletismomusical.pt\/en\/wp-json\/wp\/v2\/posts\/6119\/revisions"}],"predecessor-version":[{"id":6124,"href":"https:\/\/www.ecletismomusical.pt\/en\/wp-json\/wp\/v2\/posts\/6119\/revisions\/6124"}],"wp:featuredmedia":[{"embeddable":true,"href":"https:\/\/www.ecletismomusical.pt\/en\/wp-json\/wp\/v2\/media\/6123"}],"wp:attachment":[{"href":"https:\/\/www.ecletismomusical.pt\/en\/wp-json\/wp\/v2\/media?parent=6119"}],"wp:term":[{"taxonomy":"category","embeddable":true,"href":"https:\/\/www.ecletismomusical.pt\/en\/wp-json\/wp\/v2\/categories?post=6119"},{"taxonomy":"post_tag","embeddable":true,"href":"https:\/\/www.ecletismomusical.pt\/en\/wp-json\/wp\/v2\/tags?post=6119"}],"curies":[{"name":"wp","href":"https:\/\/api.w.org\/{rel}","templated":true}]}}