{"id":612,"date":"2010-02-13T15:24:00","date_gmt":"2010-02-13T15:24:00","guid":{"rendered":"https:\/\/ecletismomusical.pt\/we-are-the-world-25-for-haiti-video-oficial\/"},"modified":"2010-02-13T15:24:00","modified_gmt":"2010-02-13T15:24:00","slug":"we-are-the-world-25-for-haiti-video-oficial","status":"publish","type":"post","link":"https:\/\/www.ecletismomusical.pt\/en\/we-are-the-world-25-for-haiti-video-oficial\/","title":{"rendered":"We Are The World 25 For Haiti &#8211; Video Oficial"},"content":{"rendered":"<p><\/p>\n<div style=\"text-align: justify\"><span style=\"font-family:arial\">Para os mais novos&#8230;<span style=\"font-weight: bold\">&#8220;We Are The World&#8221;<\/span> foi originalmente gravada em 1985, pelos principais m\u00fasicos da altura, com o objectivo de recolher fundos para o combate da fome em \u00c1frica. As vendas renderam mais de 55 milh\u00f5es de d\u00f3lares. Para recordar aqui:<\/span><\/p>\n<p><\/p>\n<p><span style=\"font-family:arial\">Como sempre&#8230;o remake \u00e9 sempre apenas um remake&#8230;<\/span><\/div>","protected":false},"excerpt":{"rendered":"<p>Para os mais novos&#8230;&#8220;We Are The World&#8221; foi originalmente gravada em 1985, pelos principais m\u00fasicos da altura, com o objectivo de recolher fundos para o combate da fome em \u00c1frica. As vendas renderam mais de 55 milh\u00f5es de d\u00f3lares. Para recordar aqui: Como sempre&#8230;o remake \u00e9 sempre apenas um remake&#8230;<\/p>","protected":false},"author":1,"featured_media":0,"comment_status":"open","ping_status":"open","sticky":false,"template":"","format":"standard","meta":[],"categories":[1],"tags":[],"_links":{"self":[{"href":"https:\/\/www.ecletismomusical.pt\/en\/wp-json\/wp\/v2\/posts\/612"}],"collection":[{"href":"https:\/\/www.ecletismomusical.pt\/en\/wp-json\/wp\/v2\/posts"}],"about":[{"href":"https:\/\/www.ecletismomusical.pt\/en\/wp-json\/wp\/v2\/types\/post"}],"author":[{"embeddable":true,"href":"https:\/\/www.ecletismomusical.pt\/en\/wp-json\/wp\/v2\/users\/1"}],"replies":[{"embeddable":true,"href":"https:\/\/www.ecletismomusical.pt\/en\/wp-json\/wp\/v2\/comments?post=612"}],"version-history":[{"count":0,"href":"https:\/\/www.ecletismomusical.pt\/en\/wp-json\/wp\/v2\/posts\/612\/revisions"}],"wp:attachment":[{"href":"https:\/\/www.ecletismomusical.pt\/en\/wp-json\/wp\/v2\/media?parent=612"}],"wp:term":[{"taxonomy":"category","embeddable":true,"href":"https:\/\/www.ecletismomusical.pt\/en\/wp-json\/wp\/v2\/categories?post=612"},{"taxonomy":"post_tag","embeddable":true,"href":"https:\/\/www.ecletismomusical.pt\/en\/wp-json\/wp\/v2\/tags?post=612"}],"curies":[{"name":"wp","href":"https:\/\/api.w.org\/{rel}","templated":true}]}}