{"id":613,"date":"2010-02-12T09:43:00","date_gmt":"2010-02-12T09:43:00","guid":{"rendered":"https:\/\/ecletismomusical.pt\/hemisferios-by-dazkarieh\/"},"modified":"2010-02-12T09:43:00","modified_gmt":"2010-02-12T09:43:00","slug":"hemisferios-by-dazkarieh","status":"publish","type":"post","link":"https:\/\/www.ecletismomusical.pt\/en\/hemisferios-by-dazkarieh\/","title":{"rendered":"Hemisf\u00e9rios by Dazkarieh"},"content":{"rendered":"<p><a href=\"http:\/\/www.dazkarieh.com\/\"><img style=\"width: 373px;height: 281px\" src=\"http:\/\/www.barrento.com\/blogue\/media\/1\/20070809-dazkarieh.jpg\" \/><\/a><\/p>\n<p><\/p>\n<div style=\"text-align: justify;font-family:arial\">Em 2009, aproveitando a comemora\u00e7\u00e3o dos 10 anos de carreira, os<span style=\"font-weight: bold\"> <\/span><a style=\"font-weight: bold\" href=\"http:\/\/www.myspace.com\/dazkarieh\">Dazkarieh<\/a> lan\u00e7aram atrav\u00e9s da HEPTA &#8211; <span style=\"font-weight: bold\">\u00abHemisf\u00e9rios\u00bb<\/span>. Um \u00e1lbum duplo que surge como uma revis\u00e3o do caminho percorrido. Neste balan\u00e7o, para al\u00e9m dos temas originais, existe um segundo disco com temas tradicionais portugueses que passaram a fazer parte integrante dos concertos que t\u00eam dado  um pouco por todos os cantos do mundo. Obrigat\u00f3rio!<\/p>\n<p><\/p>\n<p>Para ouvir mais: <a href=\"http:\/\/www.myspace.com\/dazkarieh\">myspace<\/a> or <a href=\"http:\/\/www.dazkarieh.com\/\">site oficial<\/a> da banda.<\/p>\n<p>Para conhecerem melhor a banda que tem vindo a fazer imenso sucesso na Alemanha, merecendo mesmo uma &#8220;Germany Tour&#8221; para 2010, vejam a entrevista realizada no \u00e2mbito da rubrica 5 Linhas, 4 Espa\u00e7os dos Programa E2 da Escola Superior de Comunica\u00e7\u00e3o Social:<\/div>\n<p><\/p>","protected":false},"excerpt":{"rendered":"<p>Em 2009, aproveitando a comemora\u00e7\u00e3o dos 10 anos de carreira, os Dazkarieh lan\u00e7aram atrav\u00e9s da HEPTA &#8211; \u00abHemisf\u00e9rios\u00bb. Um \u00e1lbum duplo que surge como uma revis\u00e3o do caminho percorrido. Neste balan\u00e7o, para al\u00e9m dos temas originais, existe um segundo disco com temas tradicionais portugueses que passaram a fazer parte integrante dos concertos que t\u00eam dado<\/p>","protected":false},"author":1,"featured_media":0,"comment_status":"open","ping_status":"open","sticky":false,"template":"","format":"standard","meta":[],"categories":[1],"tags":[],"_links":{"self":[{"href":"https:\/\/www.ecletismomusical.pt\/en\/wp-json\/wp\/v2\/posts\/613"}],"collection":[{"href":"https:\/\/www.ecletismomusical.pt\/en\/wp-json\/wp\/v2\/posts"}],"about":[{"href":"https:\/\/www.ecletismomusical.pt\/en\/wp-json\/wp\/v2\/types\/post"}],"author":[{"embeddable":true,"href":"https:\/\/www.ecletismomusical.pt\/en\/wp-json\/wp\/v2\/users\/1"}],"replies":[{"embeddable":true,"href":"https:\/\/www.ecletismomusical.pt\/en\/wp-json\/wp\/v2\/comments?post=613"}],"version-history":[{"count":0,"href":"https:\/\/www.ecletismomusical.pt\/en\/wp-json\/wp\/v2\/posts\/613\/revisions"}],"wp:attachment":[{"href":"https:\/\/www.ecletismomusical.pt\/en\/wp-json\/wp\/v2\/media?parent=613"}],"wp:term":[{"taxonomy":"category","embeddable":true,"href":"https:\/\/www.ecletismomusical.pt\/en\/wp-json\/wp\/v2\/categories?post=613"},{"taxonomy":"post_tag","embeddable":true,"href":"https:\/\/www.ecletismomusical.pt\/en\/wp-json\/wp\/v2\/tags?post=613"}],"curies":[{"name":"wp","href":"https:\/\/api.w.org\/{rel}","templated":true}]}}