{"id":614,"date":"2010-02-11T13:30:00","date_gmt":"2010-02-11T13:30:00","guid":{"rendered":"https:\/\/ecletismomusical.pt\/fado-em-si-bemol\/"},"modified":"2010-02-11T13:30:00","modified_gmt":"2010-02-11T13:30:00","slug":"fado-em-si-bemol","status":"publish","type":"post","link":"https:\/\/www.ecletismomusical.pt\/en\/fado-em-si-bemol\/","title":{"rendered":"Fado Em Si Bemol"},"content":{"rendered":"<p><a href=\"http:\/\/www.myspace.com\/fadoemsibemol\"><img style=\"width: 288px;height: 412px\" src=\"http:\/\/www.graficarfil.com\/images\/cartaz-Fado%20em%20si%20bemol.jpg\" \/><\/a><\/p>\n<div style=\"text-align: justify;font-family: arial\">Pegar em temas por demais conhecidos da m\u00fasica portuguesa e reinvent\u00e1-los numa interessante mescla entre o Fado e o Jazz \u00e9 a proposta dos <span style=\"font-weight: bold\">\u00abFado Em Si Bemol\u00bb<\/span>. O disco de estreia foi uma edi\u00e7\u00e3o de autor, foi gravado ao vivo no B-Flat Jazz Bar e editado pela Trovas Soltas.<\/p>\n<p>Para conhecer no <a href=\"http:\/\/www.myspace.com\/fadoemsibemol\">myspace<\/a> da banda.<\/div>\n<p><\/p>","protected":false},"excerpt":{"rendered":"<p>Pegar em temas por demais conhecidos da m\u00fasica portuguesa e reinvent\u00e1-los numa interessante mescla entre o Fado e o Jazz \u00e9 a proposta dos \u00abFado Em Si Bemol\u00bb. O disco de estreia foi uma edi\u00e7\u00e3o de autor, foi gravado ao vivo no B-Flat Jazz Bar e editado pela Trovas Soltas. Para conhecer no myspace da<\/p>","protected":false},"author":1,"featured_media":0,"comment_status":"open","ping_status":"open","sticky":false,"template":"","format":"standard","meta":[],"categories":[1],"tags":[],"_links":{"self":[{"href":"https:\/\/www.ecletismomusical.pt\/en\/wp-json\/wp\/v2\/posts\/614"}],"collection":[{"href":"https:\/\/www.ecletismomusical.pt\/en\/wp-json\/wp\/v2\/posts"}],"about":[{"href":"https:\/\/www.ecletismomusical.pt\/en\/wp-json\/wp\/v2\/types\/post"}],"author":[{"embeddable":true,"href":"https:\/\/www.ecletismomusical.pt\/en\/wp-json\/wp\/v2\/users\/1"}],"replies":[{"embeddable":true,"href":"https:\/\/www.ecletismomusical.pt\/en\/wp-json\/wp\/v2\/comments?post=614"}],"version-history":[{"count":0,"href":"https:\/\/www.ecletismomusical.pt\/en\/wp-json\/wp\/v2\/posts\/614\/revisions"}],"wp:attachment":[{"href":"https:\/\/www.ecletismomusical.pt\/en\/wp-json\/wp\/v2\/media?parent=614"}],"wp:term":[{"taxonomy":"category","embeddable":true,"href":"https:\/\/www.ecletismomusical.pt\/en\/wp-json\/wp\/v2\/categories?post=614"},{"taxonomy":"post_tag","embeddable":true,"href":"https:\/\/www.ecletismomusical.pt\/en\/wp-json\/wp\/v2\/tags?post=614"}],"curies":[{"name":"wp","href":"https:\/\/api.w.org\/{rel}","templated":true}]}}