{"id":6141,"date":"2025-05-27T11:29:00","date_gmt":"2025-05-27T10:29:00","guid":{"rendered":"https:\/\/www.ecletismomusical.pt\/?p=6141"},"modified":"2025-05-28T11:32:27","modified_gmt":"2025-05-28T10:32:27","slug":"new-single-milhanas-apagar-a-sombra","status":"publish","type":"post","link":"https:\/\/www.ecletismomusical.pt\/en\/new-single-milhanas-apagar-a-sombra\/","title":{"rendered":"[New Single] Milhanas \u2013 Apagar a Sombra"},"content":{"rendered":"<p><a href=\"https:\/\/www.instagram.com\/milhanas_\/\">@milhanas_<\/a>&nbsp;apresenta o seu novo single, \u201cApagar a Sombra\u201c, uma can\u00e7\u00e3o que surge quase como \u201cbonus track\u201d em resolu\u00e7\u00e3o ou fecho do ciclo profundamente pessoal e art\u00edstico iniciado com o \u00e1lbum \u201cDe Sombra a Sombra\u201d.<\/p>\n\n\n\n<p>Segundo <strong>Milhanas<\/strong>:\u201cApagar a Sombra\u201d surge como um gesto final de transi\u00e7\u00e3o e s\u00edntese \u2014 uma despedida \u00edntima da escurid\u00e3o que moldou o primeiro disco. Esta can\u00e7\u00e3o \u00e9 uma purga, um fecho de ciclo. Um mantra, uma catarse, uma travessia de conten\u00e7\u00e3o e clareza.\u201d<\/p>\n\n\n\n<div class=\"wp-block-embed__wrapper\">\n<iframe style=\"border-radius: 12px\" width=\"100%\" height=\"152\" frameborder=\"0\" allowfullscreen src=\"https:\/\/open.spotify.com\/embed\/track\/1d85Pi8RAoGxB18gfu2Nk0?si=cd2d2a92afea4dac&#038;utm_source=oembed\"><\/iframe>\n<\/div>\n\n\n\n<p>Foto: Renato Chor\u00e3o<\/p>","protected":false},"excerpt":{"rendered":"<p>@milhanas_&nbsp;apresenta o seu novo single, \u201cApagar a Sombra\u201c, uma can\u00e7\u00e3o que surge quase como \u201cbonus track\u201d em resolu\u00e7\u00e3o ou fecho do ciclo profundamente pessoal e art\u00edstico iniciado com o \u00e1lbum \u201cDe Sombra a Sombra\u201d. Segundo Milhanas:\u201cApagar a Sombra\u201d surge como um gesto final de transi\u00e7\u00e3o e s\u00edntese \u2014 uma despedida \u00edntima da escurid\u00e3o que moldou<\/p>","protected":false},"author":1,"featured_media":6142,"comment_status":"open","ping_status":"open","sticky":false,"template":"","format":"standard","meta":[],"categories":[1,26,263],"tags":[1059,87],"_links":{"self":[{"href":"https:\/\/www.ecletismomusical.pt\/en\/wp-json\/wp\/v2\/posts\/6141"}],"collection":[{"href":"https:\/\/www.ecletismomusical.pt\/en\/wp-json\/wp\/v2\/posts"}],"about":[{"href":"https:\/\/www.ecletismomusical.pt\/en\/wp-json\/wp\/v2\/types\/post"}],"author":[{"embeddable":true,"href":"https:\/\/www.ecletismomusical.pt\/en\/wp-json\/wp\/v2\/users\/1"}],"replies":[{"embeddable":true,"href":"https:\/\/www.ecletismomusical.pt\/en\/wp-json\/wp\/v2\/comments?post=6141"}],"version-history":[{"count":1,"href":"https:\/\/www.ecletismomusical.pt\/en\/wp-json\/wp\/v2\/posts\/6141\/revisions"}],"predecessor-version":[{"id":6143,"href":"https:\/\/www.ecletismomusical.pt\/en\/wp-json\/wp\/v2\/posts\/6141\/revisions\/6143"}],"wp:featuredmedia":[{"embeddable":true,"href":"https:\/\/www.ecletismomusical.pt\/en\/wp-json\/wp\/v2\/media\/6142"}],"wp:attachment":[{"href":"https:\/\/www.ecletismomusical.pt\/en\/wp-json\/wp\/v2\/media?parent=6141"}],"wp:term":[{"taxonomy":"category","embeddable":true,"href":"https:\/\/www.ecletismomusical.pt\/en\/wp-json\/wp\/v2\/categories?post=6141"},{"taxonomy":"post_tag","embeddable":true,"href":"https:\/\/www.ecletismomusical.pt\/en\/wp-json\/wp\/v2\/tags?post=6141"}],"curies":[{"name":"wp","href":"https:\/\/api.w.org\/{rel}","templated":true}]}}