{"id":6157,"date":"2025-05-28T12:07:06","date_gmt":"2025-05-28T11:07:06","guid":{"rendered":"https:\/\/www.ecletismomusical.pt\/?p=6157"},"modified":"2025-05-28T12:07:12","modified_gmt":"2025-05-28T11:07:12","slug":"festival-vilar-de-mouros-2025","status":"publish","type":"post","link":"https:\/\/www.ecletismomusical.pt\/en\/festival-vilar-de-mouros-2025\/","title":{"rendered":"[Festival] Vilar de Mouros 2025"},"content":{"rendered":"<p>O mais antigo Festival de M\u00fasica da Pen\u00ednsula Ib\u00e9rica completar\u00e1 os 60 anos em 2025 com um cartaz que promete muito:<a href=\"https:\/\/www.festivalvilardemouros.pt\/\" target=\"_blank\"><strong> festival Vilar de Mouros<\/strong><\/a><strong>. <\/strong><\/p>\n\n\n\n<img width=\"1024\" height=\"1024\" src=\"https:\/\/www.ecletismomusical.pt\/wp-content\/uploads\/2025\/05\/vilar-1024x1024.jpg\" alt=\"\" class=\"wp-image-6158\" \/>","protected":false},"excerpt":{"rendered":"<p>O mais antigo Festival de M\u00fasica da Pen\u00ednsula Ib\u00e9rica completar\u00e1 os 60 anos em 2025 com um cartaz que promete muito: festival Vilar de Mouros.<\/p>","protected":false},"author":1,"featured_media":6159,"comment_status":"open","ping_status":"open","sticky":false,"template":"","format":"standard","meta":[],"categories":[23,1,24],"tags":[54,395],"_links":{"self":[{"href":"https:\/\/www.ecletismomusical.pt\/en\/wp-json\/wp\/v2\/posts\/6157"}],"collection":[{"href":"https:\/\/www.ecletismomusical.pt\/en\/wp-json\/wp\/v2\/posts"}],"about":[{"href":"https:\/\/www.ecletismomusical.pt\/en\/wp-json\/wp\/v2\/types\/post"}],"author":[{"embeddable":true,"href":"https:\/\/www.ecletismomusical.pt\/en\/wp-json\/wp\/v2\/users\/1"}],"replies":[{"embeddable":true,"href":"https:\/\/www.ecletismomusical.pt\/en\/wp-json\/wp\/v2\/comments?post=6157"}],"version-history":[{"count":1,"href":"https:\/\/www.ecletismomusical.pt\/en\/wp-json\/wp\/v2\/posts\/6157\/revisions"}],"predecessor-version":[{"id":6160,"href":"https:\/\/www.ecletismomusical.pt\/en\/wp-json\/wp\/v2\/posts\/6157\/revisions\/6160"}],"wp:featuredmedia":[{"embeddable":true,"href":"https:\/\/www.ecletismomusical.pt\/en\/wp-json\/wp\/v2\/media\/6159"}],"wp:attachment":[{"href":"https:\/\/www.ecletismomusical.pt\/en\/wp-json\/wp\/v2\/media?parent=6157"}],"wp:term":[{"taxonomy":"category","embeddable":true,"href":"https:\/\/www.ecletismomusical.pt\/en\/wp-json\/wp\/v2\/categories?post=6157"},{"taxonomy":"post_tag","embeddable":true,"href":"https:\/\/www.ecletismomusical.pt\/en\/wp-json\/wp\/v2\/tags?post=6157"}],"curies":[{"name":"wp","href":"https:\/\/api.w.org\/{rel}","templated":true}]}}