{"id":6161,"date":"2025-05-29T10:18:23","date_gmt":"2025-05-29T09:18:23","guid":{"rendered":"https:\/\/www.ecletismomusical.pt\/?p=6161"},"modified":"2025-05-28T12:22:48","modified_gmt":"2025-05-28T11:22:48","slug":"worth-listening-to-pedro-pastor-y-silvio-rodriguez-quererte","status":"publish","type":"post","link":"https:\/\/www.ecletismomusical.pt\/en\/worth-listening-to-pedro-pastor-y-silvio-rodriguez-quererte\/","title":{"rendered":"[Worth Listening to] Pedro Pastor y Silvio Rodr\u00edguez &#8211; Quererte"},"content":{"rendered":"<p>Em <strong>\u201cQuererte\u201d<\/strong>, <strong>Pedro Pastor<\/strong> convida o mestre <strong>Silvio Rodr\u00edguez<\/strong> para um dueto comovente e \u00edntimo, onde o amor n\u00e3o se canta com excesso, mas com verdade.<\/p>\n\n\n\n<div class=\"wp-block-embed__wrapper\">\n<iframe width=\"900\" height=\"506\" src=\"https:\/\/www.youtube.com\/embed\/VDECQxRP6fs?feature=oembed\" frameborder=\"0\" allowfullscreen><\/iframe>\n<\/div>","protected":false},"excerpt":{"rendered":"<p>Em \u201cQuererte\u201d, Pedro Pastor convida o mestre Silvio Rodr\u00edguez para um dueto comovente e \u00edntimo, onde o amor n\u00e3o se canta com excesso, mas com verdade.<\/p>","protected":false},"author":1,"featured_media":6162,"comment_status":"open","ping_status":"open","sticky":false,"template":"","format":"standard","meta":[],"categories":[1,26,263,235],"tags":[1082,1083,115],"_links":{"self":[{"href":"https:\/\/www.ecletismomusical.pt\/en\/wp-json\/wp\/v2\/posts\/6161"}],"collection":[{"href":"https:\/\/www.ecletismomusical.pt\/en\/wp-json\/wp\/v2\/posts"}],"about":[{"href":"https:\/\/www.ecletismomusical.pt\/en\/wp-json\/wp\/v2\/types\/post"}],"author":[{"embeddable":true,"href":"https:\/\/www.ecletismomusical.pt\/en\/wp-json\/wp\/v2\/users\/1"}],"replies":[{"embeddable":true,"href":"https:\/\/www.ecletismomusical.pt\/en\/wp-json\/wp\/v2\/comments?post=6161"}],"version-history":[{"count":1,"href":"https:\/\/www.ecletismomusical.pt\/en\/wp-json\/wp\/v2\/posts\/6161\/revisions"}],"predecessor-version":[{"id":6163,"href":"https:\/\/www.ecletismomusical.pt\/en\/wp-json\/wp\/v2\/posts\/6161\/revisions\/6163"}],"wp:featuredmedia":[{"embeddable":true,"href":"https:\/\/www.ecletismomusical.pt\/en\/wp-json\/wp\/v2\/media\/6162"}],"wp:attachment":[{"href":"https:\/\/www.ecletismomusical.pt\/en\/wp-json\/wp\/v2\/media?parent=6161"}],"wp:term":[{"taxonomy":"category","embeddable":true,"href":"https:\/\/www.ecletismomusical.pt\/en\/wp-json\/wp\/v2\/categories?post=6161"},{"taxonomy":"post_tag","embeddable":true,"href":"https:\/\/www.ecletismomusical.pt\/en\/wp-json\/wp\/v2\/tags?post=6161"}],"curies":[{"name":"wp","href":"https:\/\/api.w.org\/{rel}","templated":true}]}}