{"id":6169,"date":"2025-05-28T22:40:25","date_gmt":"2025-05-28T21:40:25","guid":{"rendered":"https:\/\/www.ecletismomusical.pt\/?p=6169"},"modified":"2025-05-28T22:45:55","modified_gmt":"2025-05-28T21:45:55","slug":"worth-listening-to-amistat-seasons-live-at-zermatt-unplugged","status":"publish","type":"post","link":"https:\/\/www.ecletismomusical.pt\/en\/worth-listening-to-amistat-seasons-live-at-zermatt-unplugged\/","title":{"rendered":"[Worth Listening to] Amistat &#8211; seasons (Live at Zermatt Unplugged)"},"content":{"rendered":"<p><strong><a href=\"https:\/\/www.instagram.com\/amistatmusic\/\">Amistat<\/a><\/strong> \u00e9 um duo formado pelos irm\u00e3os g\u00e9meos Josef e Jan Prasil, nascidos na Alemanha e com ra\u00edzes familiares na Rep\u00fablica Checa e na Austr\u00e1lia. A sua m\u00fasica \u00e9 uma fus\u00e3o de folk ac\u00fastico com harmonias vocais emotivas, evocando compara\u00e7\u00f5es com Simon &amp; Garfunkel, Ben Howard ou Kings of Convenience.<\/p>\n\n\n\n<div class=\"wp-block-embed__wrapper\">\n<iframe width=\"900\" height=\"506\" src=\"https:\/\/www.youtube.com\/embed\/X8ZnC2sMrlU?feature=oembed\" frameborder=\"0\" allowfullscreen><\/iframe>\n<\/div>\n\n\n\n<p>A vers\u00e3o ao vivo de \u201cSeasons\u201d (originalmente lan\u00e7ada em 2023), gravada no festival Zermatt Unplugged em abril de 2025, \u00e9 um exemplo not\u00e1vel da capacidade de Amistat em criar momentos \u00edntimos e comoventes. <\/p>\n\n\n\n<p>Lan\u00e7aram em Abril um novo EP que merece audi\u00e7\u00e3o cuidada:<\/p>\n\n\n\n<div class=\"wp-block-embed__wrapper\">\n<iframe style=\"border-radius: 12px\" width=\"100%\" height=\"352\" frameborder=\"0\" allowfullscreen src=\"https:\/\/open.spotify.com\/embed\/album\/3Ql8S9InptqOYlkxWyydqz?si=50vlqS25QemMyqf9n5aFhQ&#038;utm_source=oembed\"><\/iframe>\n<\/div>\n\n\n\n<p><\/p>","protected":false},"excerpt":{"rendered":"<p>Amistat \u00e9 um duo formado pelos irm\u00e3os g\u00e9meos Josef e Jan Prasil, nascidos na Alemanha e com ra\u00edzes familiares na Rep\u00fablica Checa e na Austr\u00e1lia. A sua m\u00fasica \u00e9 uma fus\u00e3o de folk ac\u00fastico com harmonias vocais emotivas, evocando compara\u00e7\u00f5es com Simon &amp; Garfunkel, Ben Howard ou Kings of Convenience. A vers\u00e3o ao vivo de<\/p>","protected":false},"author":1,"featured_media":6173,"comment_status":"open","ping_status":"open","sticky":false,"template":"","format":"standard","meta":[],"categories":[1,529,235,30],"tags":[1085,240,115],"_links":{"self":[{"href":"https:\/\/www.ecletismomusical.pt\/en\/wp-json\/wp\/v2\/posts\/6169"}],"collection":[{"href":"https:\/\/www.ecletismomusical.pt\/en\/wp-json\/wp\/v2\/posts"}],"about":[{"href":"https:\/\/www.ecletismomusical.pt\/en\/wp-json\/wp\/v2\/types\/post"}],"author":[{"embeddable":true,"href":"https:\/\/www.ecletismomusical.pt\/en\/wp-json\/wp\/v2\/users\/1"}],"replies":[{"embeddable":true,"href":"https:\/\/www.ecletismomusical.pt\/en\/wp-json\/wp\/v2\/comments?post=6169"}],"version-history":[{"count":2,"href":"https:\/\/www.ecletismomusical.pt\/en\/wp-json\/wp\/v2\/posts\/6169\/revisions"}],"predecessor-version":[{"id":6175,"href":"https:\/\/www.ecletismomusical.pt\/en\/wp-json\/wp\/v2\/posts\/6169\/revisions\/6175"}],"wp:featuredmedia":[{"embeddable":true,"href":"https:\/\/www.ecletismomusical.pt\/en\/wp-json\/wp\/v2\/media\/6173"}],"wp:attachment":[{"href":"https:\/\/www.ecletismomusical.pt\/en\/wp-json\/wp\/v2\/media?parent=6169"}],"wp:term":[{"taxonomy":"category","embeddable":true,"href":"https:\/\/www.ecletismomusical.pt\/en\/wp-json\/wp\/v2\/categories?post=6169"},{"taxonomy":"post_tag","embeddable":true,"href":"https:\/\/www.ecletismomusical.pt\/en\/wp-json\/wp\/v2\/tags?post=6169"}],"curies":[{"name":"wp","href":"https:\/\/api.w.org\/{rel}","templated":true}]}}