{"id":6183,"date":"2025-06-01T17:28:54","date_gmt":"2025-06-01T16:28:54","guid":{"rendered":"https:\/\/www.ecletismomusical.pt\/?p=6183"},"modified":"2025-06-01T17:29:08","modified_gmt":"2025-06-01T16:29:08","slug":"new-single-manel-cruz-constelacao","status":"publish","type":"post","link":"https:\/\/www.ecletismomusical.pt\/en\/new-single-manel-cruz-constelacao\/","title":{"rendered":"[New Single] Manel Cruz &#8211; Constela\u00e7\u00e3o"},"content":{"rendered":"<div class=\"wp-block-embed__wrapper\">\n<iframe width=\"900\" height=\"506\" src=\"https:\/\/www.youtube.com\/embed\/UnQd3SDu2AY?feature=oembed\" frameborder=\"0\" allowfullscreen><\/iframe>\n<\/div>\n\n\n\n<p>&#8220;A paix\u00e3o m\u00fatua, a perspectiva do contacto f\u00edsico, a sensa\u00e7\u00e3o m\u00e1gica de antever a visita a um universo maravilhosamente estranho&#8221;. <\/p>\n\n\n\n<p><a href=\"https:\/\/www.instagram.com\/manel_e_depois_cruz\/\">Manel Cruz<\/a> &#8211; Letra, M\u00fasica, Valentino e Voz, Ilustra\u00e7\u00e3o <br>\u00c1lvaro Ramos &#8211; Produ\u00e7\u00e3o, Synths, Mix + Master, Video<\/p>","protected":false},"excerpt":{"rendered":"<p>&#8220;A paix\u00e3o m\u00fatua, a perspectiva do contacto f\u00edsico, a sensa\u00e7\u00e3o m\u00e1gica de antever a visita a um universo maravilhosamente estranho&#8221;. Manel Cruz &#8211; Letra, M\u00fasica, Valentino e Voz, Ilustra\u00e7\u00e3o \u00c1lvaro Ramos &#8211; Produ\u00e7\u00e3o, Synths, Mix + Master, Video<\/p>","protected":false},"author":1,"featured_media":6185,"comment_status":"open","ping_status":"open","sticky":false,"template":"","format":"standard","meta":[],"categories":[1,26],"tags":[1088,87],"_links":{"self":[{"href":"https:\/\/www.ecletismomusical.pt\/en\/wp-json\/wp\/v2\/posts\/6183"}],"collection":[{"href":"https:\/\/www.ecletismomusical.pt\/en\/wp-json\/wp\/v2\/posts"}],"about":[{"href":"https:\/\/www.ecletismomusical.pt\/en\/wp-json\/wp\/v2\/types\/post"}],"author":[{"embeddable":true,"href":"https:\/\/www.ecletismomusical.pt\/en\/wp-json\/wp\/v2\/users\/1"}],"replies":[{"embeddable":true,"href":"https:\/\/www.ecletismomusical.pt\/en\/wp-json\/wp\/v2\/comments?post=6183"}],"version-history":[{"count":1,"href":"https:\/\/www.ecletismomusical.pt\/en\/wp-json\/wp\/v2\/posts\/6183\/revisions"}],"predecessor-version":[{"id":6186,"href":"https:\/\/www.ecletismomusical.pt\/en\/wp-json\/wp\/v2\/posts\/6183\/revisions\/6186"}],"wp:featuredmedia":[{"embeddable":true,"href":"https:\/\/www.ecletismomusical.pt\/en\/wp-json\/wp\/v2\/media\/6185"}],"wp:attachment":[{"href":"https:\/\/www.ecletismomusical.pt\/en\/wp-json\/wp\/v2\/media?parent=6183"}],"wp:term":[{"taxonomy":"category","embeddable":true,"href":"https:\/\/www.ecletismomusical.pt\/en\/wp-json\/wp\/v2\/categories?post=6183"},{"taxonomy":"post_tag","embeddable":true,"href":"https:\/\/www.ecletismomusical.pt\/en\/wp-json\/wp\/v2\/tags?post=6183"}],"curies":[{"name":"wp","href":"https:\/\/api.w.org\/{rel}","templated":true}]}}