{"id":6198,"date":"2025-06-02T13:21:25","date_gmt":"2025-06-02T12:21:25","guid":{"rendered":"https:\/\/www.ecletismomusical.pt\/?p=6198"},"modified":"2025-06-02T13:21:29","modified_gmt":"2025-06-02T12:21:29","slug":"new-video-young-the-giant-tonight-in-the-open-feat-sadie-jean","status":"publish","type":"post","link":"https:\/\/www.ecletismomusical.pt\/en\/new-video-young-the-giant-tonight-in-the-open-feat-sadie-jean\/","title":{"rendered":"[New Video] Young The Giant &#8211; Tonight (In The Open) feat. Sadie Jean"},"content":{"rendered":"<div class=\"wp-block-embed__wrapper\">\n<iframe width=\"900\" height=\"506\" src=\"https:\/\/www.youtube.com\/embed\/1U7ZRhZvWQI?feature=oembed\" frameborder=\"0\" allowfullscreen><\/iframe>\n<\/div>\n\n\n\n<p>Os <a href=\"https:\/\/www.instagram.com\/youngthegiant\/\">Young The Giant<\/a> lan\u00e7aram uma nova vers\u00e3o da m\u00fasica &#8220;Tonight&#8221; em colabora\u00e7\u00e3o com a cantora <a href=\"https:\/\/www.instagram.com\/sadiejean\/\">Sadie Jean<\/a>. Esta interpreta\u00e7\u00e3o faz parte da s\u00e9rie In The Open, onde a banda apresenta vers\u00f5es ac\u00fasticas e ao ar livre das suas m\u00fasicas. A jun\u00e7\u00e3o das vozes de Sadie Jean e Sameer Gadhia d\u00e1 uma nova profundidade \u00e0 can\u00e7\u00e3o, tornando-a ainda mais emotiva e \u00edntima.<\/p>\n\n\n\n<p><\/p>","protected":false},"excerpt":{"rendered":"<p>Os Young The Giant lan\u00e7aram uma nova vers\u00e3o da m\u00fasica &#8220;Tonight&#8221; em colabora\u00e7\u00e3o com a cantora Sadie Jean. Esta interpreta\u00e7\u00e3o faz parte da s\u00e9rie In The Open, onde a banda apresenta vers\u00f5es ac\u00fasticas e ao ar livre das suas m\u00fasicas. A jun\u00e7\u00e3o das vozes de Sadie Jean e Sameer Gadhia d\u00e1 uma nova profundidade \u00e0<\/p>","protected":false},"author":1,"featured_media":6200,"comment_status":"open","ping_status":"open","sticky":false,"template":"","format":"standard","meta":[],"categories":[1,175,235,483],"tags":[72,89,1091,1090],"_links":{"self":[{"href":"https:\/\/www.ecletismomusical.pt\/en\/wp-json\/wp\/v2\/posts\/6198"}],"collection":[{"href":"https:\/\/www.ecletismomusical.pt\/en\/wp-json\/wp\/v2\/posts"}],"about":[{"href":"https:\/\/www.ecletismomusical.pt\/en\/wp-json\/wp\/v2\/types\/post"}],"author":[{"embeddable":true,"href":"https:\/\/www.ecletismomusical.pt\/en\/wp-json\/wp\/v2\/users\/1"}],"replies":[{"embeddable":true,"href":"https:\/\/www.ecletismomusical.pt\/en\/wp-json\/wp\/v2\/comments?post=6198"}],"version-history":[{"count":1,"href":"https:\/\/www.ecletismomusical.pt\/en\/wp-json\/wp\/v2\/posts\/6198\/revisions"}],"predecessor-version":[{"id":6201,"href":"https:\/\/www.ecletismomusical.pt\/en\/wp-json\/wp\/v2\/posts\/6198\/revisions\/6201"}],"wp:featuredmedia":[{"embeddable":true,"href":"https:\/\/www.ecletismomusical.pt\/en\/wp-json\/wp\/v2\/media\/6200"}],"wp:attachment":[{"href":"https:\/\/www.ecletismomusical.pt\/en\/wp-json\/wp\/v2\/media?parent=6198"}],"wp:term":[{"taxonomy":"category","embeddable":true,"href":"https:\/\/www.ecletismomusical.pt\/en\/wp-json\/wp\/v2\/categories?post=6198"},{"taxonomy":"post_tag","embeddable":true,"href":"https:\/\/www.ecletismomusical.pt\/en\/wp-json\/wp\/v2\/tags?post=6198"}],"curies":[{"name":"wp","href":"https:\/\/api.w.org\/{rel}","templated":true}]}}