{"id":6212,"date":"2025-06-05T15:24:00","date_gmt":"2025-06-05T14:24:00","guid":{"rendered":"https:\/\/www.ecletismomusical.pt\/?p=6212"},"modified":"2025-06-05T15:24:25","modified_gmt":"2025-06-05T14:24:25","slug":"cover-brad-mehldau-feat-daniel-rossen-tomorrow-tomorrow-elliot-smith-cover","status":"publish","type":"post","link":"https:\/\/www.ecletismomusical.pt\/en\/cover-brad-mehldau-feat-daniel-rossen-tomorrow-tomorrow-elliot-smith-cover\/","title":{"rendered":"[Cover] Brad Mehldau feat. Daniel Rossen &#8211; Tomorrow Tomorrow (Elliot Smith Cover)"},"content":{"rendered":"<p><a href=\"https:\/\/www.instagram.com\/bradmehldauofficial\/\">Brad Mehldau<\/a> lan\u00e7ou recentemente uma interpreta\u00e7\u00e3o de <strong>&#8220;Tomorrow Tomorrow&#8221;<\/strong>, can\u00e7\u00e3o de <strong>Elliott Smith<\/strong>, com a participa\u00e7\u00e3o de <strong>Daniel Rossen<\/strong> (Grizzly Bear). Esta vers\u00e3o integra o \u00e1lbum <em>Ride into the Sun<\/em>, previsto para 29 de agosto de 2025 pela Nonesuch Records .<\/p>\n\n\n\n<div class=\"wp-block-embed__wrapper\">\n<iframe width=\"900\" height=\"506\" src=\"https:\/\/www.youtube.com\/embed\/_BFAKxjRS_g?feature=oembed\" frameborder=\"0\" allowfullscreen><\/iframe>\n<\/div>","protected":false},"excerpt":{"rendered":"<p>Brad Mehldau lan\u00e7ou recentemente uma interpreta\u00e7\u00e3o de &#8220;Tomorrow Tomorrow&#8221;, can\u00e7\u00e3o de Elliott Smith, com a participa\u00e7\u00e3o de Daniel Rossen (Grizzly Bear). Esta vers\u00e3o integra o \u00e1lbum Ride into the Sun, previsto para 29 de agosto de 2025 pela Nonesuch Records .<\/p>","protected":false},"author":1,"featured_media":6305,"comment_status":"open","ping_status":"open","sticky":false,"template":"","format":"standard","meta":[],"categories":[133,1],"tags":[1098,134,1099,1100],"_links":{"self":[{"href":"https:\/\/www.ecletismomusical.pt\/en\/wp-json\/wp\/v2\/posts\/6212"}],"collection":[{"href":"https:\/\/www.ecletismomusical.pt\/en\/wp-json\/wp\/v2\/posts"}],"about":[{"href":"https:\/\/www.ecletismomusical.pt\/en\/wp-json\/wp\/v2\/types\/post"}],"author":[{"embeddable":true,"href":"https:\/\/www.ecletismomusical.pt\/en\/wp-json\/wp\/v2\/users\/1"}],"replies":[{"embeddable":true,"href":"https:\/\/www.ecletismomusical.pt\/en\/wp-json\/wp\/v2\/comments?post=6212"}],"version-history":[{"count":3,"href":"https:\/\/www.ecletismomusical.pt\/en\/wp-json\/wp\/v2\/posts\/6212\/revisions"}],"predecessor-version":[{"id":6306,"href":"https:\/\/www.ecletismomusical.pt\/en\/wp-json\/wp\/v2\/posts\/6212\/revisions\/6306"}],"wp:featuredmedia":[{"embeddable":true,"href":"https:\/\/www.ecletismomusical.pt\/en\/wp-json\/wp\/v2\/media\/6305"}],"wp:attachment":[{"href":"https:\/\/www.ecletismomusical.pt\/en\/wp-json\/wp\/v2\/media?parent=6212"}],"wp:term":[{"taxonomy":"category","embeddable":true,"href":"https:\/\/www.ecletismomusical.pt\/en\/wp-json\/wp\/v2\/categories?post=6212"},{"taxonomy":"post_tag","embeddable":true,"href":"https:\/\/www.ecletismomusical.pt\/en\/wp-json\/wp\/v2\/tags?post=6212"}],"curies":[{"name":"wp","href":"https:\/\/api.w.org\/{rel}","templated":true}]}}