{"id":6218,"date":"2025-06-04T12:45:29","date_gmt":"2025-06-04T11:45:29","guid":{"rendered":"https:\/\/www.ecletismomusical.pt\/?p=6218"},"modified":"2025-06-04T12:45:37","modified_gmt":"2025-06-04T11:45:37","slug":"worth-listening-to-jacinta","status":"publish","type":"post","link":"https:\/\/www.ecletismomusical.pt\/en\/worth-listening-to-jacinta\/","title":{"rendered":"[Worth Listening to] Jacinta"},"content":{"rendered":"<p>A cantora argentina <strong><a href=\"https:\/\/www.instagram.com\/dimejacinta\/\">Jacinta<\/a><\/strong> continua a afirmar a sua presen\u00e7a na cena musical como uma das vozes mais promissoras da nova gera\u00e7\u00e3o argentina. <\/p>\n\n\n\n<p>Com ra\u00edzes na m\u00fasica tradicional (pertence \u00e0 comunidade ind\u00edgena Diaguita Calchaqu\u00ed), tem vindo a expandir a sua identidade musical, n\u00e3o abandonando a sua base no folcore argentino, mas cada vez mais a explorar novas sonoridades contempor\u00e2neas, como o pop, o indie e at\u00e9 elementos do flamenco e da m\u00fasica urbana, numa mescla de enorme Ecletismo.<\/p>\n\n\n\n<div class=\"wp-block-embed__wrapper\">\n<iframe width=\"900\" height=\"506\" src=\"https:\/\/www.youtube.com\/embed\/rt4tDA7oVAE?feature=oembed\" frameborder=\"0\" allowfullscreen><\/iframe>\n<\/div>\n\n\n\n<p>Recentemente lan\u00e7ou uma vers\u00e3o de &#8220;Me Quedo Contigo&#8221;, originalmente popularizada pelo grupo <strong>Los Chunguitos<\/strong>, e mais tarde reinterpretada por nomes como <strong>Rosal\u00eda<\/strong>. <\/p>\n\n\n\n<div class=\"wp-block-embed__wrapper\">\n<iframe width=\"900\" height=\"506\" src=\"https:\/\/www.youtube.com\/embed\/uexKYF7co0I?feature=oembed\" frameborder=\"0\" allowfullscreen><\/iframe>\n<\/div>\n\n\n\n<p>Vale a pena conhecer.<\/p>\n\n\n\n<div class=\"wp-block-embed__wrapper\">\n<iframe style=\"border-radius: 12px\" width=\"100%\" height=\"352\" frameborder=\"0\" allowfullscreen src=\"https:\/\/open.spotify.com\/embed\/album\/6R3mbvCXsfeTfWZHNtAfJ1?utm_source=oembed\"><\/iframe>\n<\/div>","protected":false},"excerpt":{"rendered":"<p>A cantora argentina Jacinta continua a afirmar a sua presen\u00e7a na cena musical como uma das vozes mais promissoras da nova gera\u00e7\u00e3o argentina. Com ra\u00edzes na m\u00fasica tradicional (pertence \u00e0 comunidade ind\u00edgena Diaguita Calchaqu\u00ed), tem vindo a expandir a sua identidade musical, n\u00e3o abandonando a sua base no folcore argentino, mas cada vez mais a<\/p>","protected":false},"author":1,"featured_media":6249,"comment_status":"open","ping_status":"open","sticky":false,"template":"","format":"standard","meta":[],"categories":[1,529,26,235,30],"tags":[1095,1094,115],"_links":{"self":[{"href":"https:\/\/www.ecletismomusical.pt\/en\/wp-json\/wp\/v2\/posts\/6218"}],"collection":[{"href":"https:\/\/www.ecletismomusical.pt\/en\/wp-json\/wp\/v2\/posts"}],"about":[{"href":"https:\/\/www.ecletismomusical.pt\/en\/wp-json\/wp\/v2\/types\/post"}],"author":[{"embeddable":true,"href":"https:\/\/www.ecletismomusical.pt\/en\/wp-json\/wp\/v2\/users\/1"}],"replies":[{"embeddable":true,"href":"https:\/\/www.ecletismomusical.pt\/en\/wp-json\/wp\/v2\/comments?post=6218"}],"version-history":[{"count":2,"href":"https:\/\/www.ecletismomusical.pt\/en\/wp-json\/wp\/v2\/posts\/6218\/revisions"}],"predecessor-version":[{"id":6250,"href":"https:\/\/www.ecletismomusical.pt\/en\/wp-json\/wp\/v2\/posts\/6218\/revisions\/6250"}],"wp:featuredmedia":[{"embeddable":true,"href":"https:\/\/www.ecletismomusical.pt\/en\/wp-json\/wp\/v2\/media\/6249"}],"wp:attachment":[{"href":"https:\/\/www.ecletismomusical.pt\/en\/wp-json\/wp\/v2\/media?parent=6218"}],"wp:term":[{"taxonomy":"category","embeddable":true,"href":"https:\/\/www.ecletismomusical.pt\/en\/wp-json\/wp\/v2\/categories?post=6218"},{"taxonomy":"post_tag","embeddable":true,"href":"https:\/\/www.ecletismomusical.pt\/en\/wp-json\/wp\/v2\/tags?post=6218"}],"curies":[{"name":"wp","href":"https:\/\/api.w.org\/{rel}","templated":true}]}}