{"id":6224,"date":"2025-06-04T09:45:24","date_gmt":"2025-06-04T08:45:24","guid":{"rendered":"https:\/\/www.ecletismomusical.pt\/?p=6224"},"modified":"2025-06-04T09:45:33","modified_gmt":"2025-06-04T08:45:33","slug":"new-single-napa-feat-van-zee-infinito","status":"publish","type":"post","link":"https:\/\/www.ecletismomusical.pt\/en\/new-single-napa-feat-van-zee-infinito\/","title":{"rendered":"[New Single] NAPA feat. Van Zee &#8211; Infinito"},"content":{"rendered":"<p>Em 2019, o <strong>Musical Eclecticism<\/strong> dava a conhecer os <a href=\"https:\/\/www.ecletismomusical.pt\/en\/worth-listening-to-men-on-the-couch-se-eu-morresse-amanha\/\">&#8220;Men On The Couch&#8221;<\/a> com ouma das releva\u00e7\u00f5es a seguir. Quase 6 anos depois, os agora denominados <strong><a href=\"https:\/\/www.instagram.com\/os_napa\/\">NAPA<\/a><\/strong> s\u00e3o um fen\u00f3meno de popularidade, fundamentalmente pela sua participa\u00e7\u00e3o no Festival da Eurovis\u00e3o e a can\u00e7\u00e3o &#8220;Deslocado&#8221; que virou hino de muitos que se sentem longe das suas ra\u00edzes.<br><br>Lan\u00e7am agora &#8211; <strong>&#8220;Infinito&#8221;<\/strong> com a colabora\u00e7\u00e3o de outro dos promissores nomes da Madeira &#8211; <strong><a href=\"https:\/\/www.instagram.com\/sebasvanzee\/\">Van Zee<\/a><\/strong>.<\/p>\n\n\n\n<div class=\"wp-block-embed__wrapper\">\n<iframe width=\"900\" height=\"675\" src=\"https:\/\/www.youtube.com\/embed\/NFfZwjhpRNg?feature=oembed\" frameborder=\"0\" allowfullscreen><\/iframe>\n<\/div>\n\n\n\n<p>Com uma sonoridade que mistura indie pop e lirismo introspectivo, <em>&#8220;Infinito<\/em>&#8221; retrata uma experi\u00eancia m\u00fatua de perder um amigo em crian\u00e7a.<\/p>","protected":false},"excerpt":{"rendered":"<p>Em 2019, o Ecletismo Musical dava a conhecer os &#8220;Men On The Couch&#8221; com ouma das releva\u00e7\u00f5es a seguir. Quase 6 anos depois, os agora denominados NAPA s\u00e3o um fen\u00f3meno de popularidade, fundamentalmente pela sua participa\u00e7\u00e3o no Festival da Eurovis\u00e3o e a can\u00e7\u00e3o &#8220;Deslocado&#8221; que virou hino de muitos que se sentem longe das suas<\/p>","protected":false},"author":1,"featured_media":6245,"comment_status":"open","ping_status":"open","sticky":false,"template":"","format":"standard","meta":[],"categories":[1,26,263],"tags":[822,1092,87,1093],"_links":{"self":[{"href":"https:\/\/www.ecletismomusical.pt\/en\/wp-json\/wp\/v2\/posts\/6224"}],"collection":[{"href":"https:\/\/www.ecletismomusical.pt\/en\/wp-json\/wp\/v2\/posts"}],"about":[{"href":"https:\/\/www.ecletismomusical.pt\/en\/wp-json\/wp\/v2\/types\/post"}],"author":[{"embeddable":true,"href":"https:\/\/www.ecletismomusical.pt\/en\/wp-json\/wp\/v2\/users\/1"}],"replies":[{"embeddable":true,"href":"https:\/\/www.ecletismomusical.pt\/en\/wp-json\/wp\/v2\/comments?post=6224"}],"version-history":[{"count":2,"href":"https:\/\/www.ecletismomusical.pt\/en\/wp-json\/wp\/v2\/posts\/6224\/revisions"}],"predecessor-version":[{"id":6246,"href":"https:\/\/www.ecletismomusical.pt\/en\/wp-json\/wp\/v2\/posts\/6224\/revisions\/6246"}],"wp:featuredmedia":[{"embeddable":true,"href":"https:\/\/www.ecletismomusical.pt\/en\/wp-json\/wp\/v2\/media\/6245"}],"wp:attachment":[{"href":"https:\/\/www.ecletismomusical.pt\/en\/wp-json\/wp\/v2\/media?parent=6224"}],"wp:term":[{"taxonomy":"category","embeddable":true,"href":"https:\/\/www.ecletismomusical.pt\/en\/wp-json\/wp\/v2\/categories?post=6224"},{"taxonomy":"post_tag","embeddable":true,"href":"https:\/\/www.ecletismomusical.pt\/en\/wp-json\/wp\/v2\/tags?post=6224"}],"curies":[{"name":"wp","href":"https:\/\/api.w.org\/{rel}","templated":true}]}}