{"id":6227,"date":"2025-06-03T09:21:19","date_gmt":"2025-06-03T08:21:19","guid":{"rendered":"https:\/\/www.ecletismomusical.pt\/?p=6227"},"modified":"2025-06-03T09:21:31","modified_gmt":"2025-06-03T08:21:31","slug":"worth-listening-to-joyce-alane-e-zeca-baleiro-a-natureza-das-coisas","status":"publish","type":"post","link":"https:\/\/www.ecletismomusical.pt\/en\/worth-listening-to-joyce-alane-e-zeca-baleiro-a-natureza-das-coisas\/","title":{"rendered":"[Worth Listening to] Joyce Alane e Zeca Baleiro &#8211; A Natureza das Coisas"},"content":{"rendered":"<div class=\"wp-block-embed__wrapper\">\n<iframe width=\"900\" height=\"506\" src=\"https:\/\/www.youtube.com\/embed\/rM-czdTwfL4?feature=oembed\" frameborder=\"0\" allowfullscreen><\/iframe>\n<\/div>\n\n\n\n<p>A can\u00e7\u00e3o <strong>&#8220;A Natureza das Coisas&#8221;<\/strong>, interpretada por <strong><a href=\"https:\/\/www.instagram.com\/joycealanee\/\">Joyce Alane<\/a><\/strong> and <strong><a href=\"https:\/\/www.instagram.com\/zbaleiro\/\">Zeca Baleiro<\/a><\/strong>, \u00e9 uma releitura sens\u00edvel do cl\u00e1ssico de <strong>Accioly Neto<\/strong>, lan\u00e7ada em abril de 2025 como parte do \u00e1lbum colaborativo <em>Casa Cora\u00e7\u00e3o<\/em>.<\/p>\n\n\n\n<p>Nesta vers\u00e3o, a voz suave de<strong> Joyce Alane<\/strong> se entrela\u00e7a com a interpreta\u00e7\u00e3o marcante de <strong>Zeca Baleiro<\/strong>, resultando em uma performance que equilibra delicadeza e profundidade emocional. <\/p>\n\n\n\n<p>Essa parceria entre Joyce Alane e Zeca Baleiro destaca a capacidade da m\u00fasica brasileira de se reinventar, unindo gera\u00e7\u00f5es e estilos.<\/p>","protected":false},"excerpt":{"rendered":"<p>A can\u00e7\u00e3o &#8220;A Natureza das Coisas&#8221;, interpretada por Joyce Alane e Zeca Baleiro, \u00e9 uma releitura sens\u00edvel do cl\u00e1ssico de Accioly Neto, lan\u00e7ada em abril de 2025 como parte do \u00e1lbum colaborativo Casa Cora\u00e7\u00e3o. Nesta vers\u00e3o, a voz suave de Joyce Alane se entrela\u00e7a com a interpreta\u00e7\u00e3o marcante de Zeca Baleiro, resultando em uma performance<\/p>","protected":false},"author":1,"featured_media":6243,"comment_status":"open","ping_status":"open","sticky":false,"template":"","format":"standard","meta":[],"categories":[1,26,235,30],"tags":[],"_links":{"self":[{"href":"https:\/\/www.ecletismomusical.pt\/en\/wp-json\/wp\/v2\/posts\/6227"}],"collection":[{"href":"https:\/\/www.ecletismomusical.pt\/en\/wp-json\/wp\/v2\/posts"}],"about":[{"href":"https:\/\/www.ecletismomusical.pt\/en\/wp-json\/wp\/v2\/types\/post"}],"author":[{"embeddable":true,"href":"https:\/\/www.ecletismomusical.pt\/en\/wp-json\/wp\/v2\/users\/1"}],"replies":[{"embeddable":true,"href":"https:\/\/www.ecletismomusical.pt\/en\/wp-json\/wp\/v2\/comments?post=6227"}],"version-history":[{"count":2,"href":"https:\/\/www.ecletismomusical.pt\/en\/wp-json\/wp\/v2\/posts\/6227\/revisions"}],"predecessor-version":[{"id":6244,"href":"https:\/\/www.ecletismomusical.pt\/en\/wp-json\/wp\/v2\/posts\/6227\/revisions\/6244"}],"wp:featuredmedia":[{"embeddable":true,"href":"https:\/\/www.ecletismomusical.pt\/en\/wp-json\/wp\/v2\/media\/6243"}],"wp:attachment":[{"href":"https:\/\/www.ecletismomusical.pt\/en\/wp-json\/wp\/v2\/media?parent=6227"}],"wp:term":[{"taxonomy":"category","embeddable":true,"href":"https:\/\/www.ecletismomusical.pt\/en\/wp-json\/wp\/v2\/categories?post=6227"},{"taxonomy":"post_tag","embeddable":true,"href":"https:\/\/www.ecletismomusical.pt\/en\/wp-json\/wp\/v2\/tags?post=6227"}],"curies":[{"name":"wp","href":"https:\/\/api.w.org\/{rel}","templated":true}]}}