{"id":6261,"date":"2025-06-04T15:59:34","date_gmt":"2025-06-04T14:59:34","guid":{"rendered":"https:\/\/www.ecletismomusical.pt\/?p=6261"},"modified":"2025-06-04T16:00:05","modified_gmt":"2025-06-04T15:00:05","slug":"new-album-mogli-paradox","status":"publish","type":"post","link":"https:\/\/www.ecletismomusical.pt\/en\/new-album-mogli-paradox\/","title":{"rendered":"[New Album] Mogli &#8211; paradox"},"content":{"rendered":"<p><strong><a href=\"https:\/\/www.instagram.com\/mogliofficial\/\">Mogli<\/a><\/strong>, artista multifacetada de Berlim, publicou o seu novo \u00e1lbum <em>paradox<\/em>, um mergulho profundo nas dimens\u00f5es mais \u00edntimas da sua identidade, desde a heran\u00e7a ind\u00edgena e a viv\u00eancia como pessoa neurodivergente at\u00e9 \u00e0s grandes quest\u00f5es existenciais sobre perten\u00e7a e prop\u00f3sito.<\/p>\n\n\n\n<div class=\"wp-block-embed__wrapper\">\n<iframe width=\"900\" height=\"506\" src=\"https:\/\/www.youtube.com\/embed\/v3Qn9xpDVtk?feature=oembed\" frameborder=\"0\" allowfullscreen><\/iframe>\n<\/div>\n\n\n\n<p>Como o pr\u00f3prio nome indica, <em><strong>paradox<\/strong><\/em> \u00e9 uma viagem atrav\u00e9s das contradi\u00e7\u00f5es da vida: a dor e a beleza, o desejo de liberdade e o anseio por conex\u00e3o, a vulnerabilidade que se transforma em for\u00e7a. A sonoridade do \u00e1lbum acompanha este movimento com uma fus\u00e3o delicada entre indie, dream pop e eletr\u00f3nica atmosf\u00e9rica.<br><\/p>\n\n\n\n<div class=\"wp-block-embed__wrapper\">\n<iframe style=\"border-radius: 12px\" width=\"100%\" height=\"352\" frameborder=\"0\" allowfullscreen src=\"https:\/\/open.spotify.com\/embed\/album\/3pexxVelQfabVmGJNTmq24?utm_source=oembed\"><\/iframe>\n<\/div>\n\n\n\n<p>Mais do que um conjunto de can\u00e7\u00f5es, <em>paradox<\/em> revela-se como um manifesto emocional e art\u00edstico. Cada faixa \u00e9 uma pe\u00e7a de um mosaico sens\u00edvel que reflete tanto os conflitos internos como as tens\u00f5es sociais do nosso tempo. Mogli mistura instrumentos ac\u00fasticos, camadas de sintetizadores e uma expressividade vocal que vai do sussurro ao grito criando uma linguagem sonora simultaneamente ancestral e contempor\u00e2nea.<\/p>","protected":false},"excerpt":{"rendered":"<p>Mogli, artista multifacetada de Berlim, publicou o seu novo \u00e1lbum paradox, um mergulho profundo nas dimens\u00f5es mais \u00edntimas da sua identidade, desde a heran\u00e7a ind\u00edgena e a viv\u00eancia como pessoa neurodivergente at\u00e9 \u00e0s grandes quest\u00f5es existenciais sobre perten\u00e7a e prop\u00f3sito. Como o pr\u00f3prio nome indica, paradox \u00e9 uma viagem atrav\u00e9s das contradi\u00e7\u00f5es da vida: a<\/p>","protected":false},"author":1,"featured_media":6264,"comment_status":"open","ping_status":"open","sticky":false,"template":"","format":"standard","meta":[],"categories":[1,529,26,263,235,28],"tags":[690,85,87,98],"_links":{"self":[{"href":"https:\/\/www.ecletismomusical.pt\/en\/wp-json\/wp\/v2\/posts\/6261"}],"collection":[{"href":"https:\/\/www.ecletismomusical.pt\/en\/wp-json\/wp\/v2\/posts"}],"about":[{"href":"https:\/\/www.ecletismomusical.pt\/en\/wp-json\/wp\/v2\/types\/post"}],"author":[{"embeddable":true,"href":"https:\/\/www.ecletismomusical.pt\/en\/wp-json\/wp\/v2\/users\/1"}],"replies":[{"embeddable":true,"href":"https:\/\/www.ecletismomusical.pt\/en\/wp-json\/wp\/v2\/comments?post=6261"}],"version-history":[{"count":1,"href":"https:\/\/www.ecletismomusical.pt\/en\/wp-json\/wp\/v2\/posts\/6261\/revisions"}],"predecessor-version":[{"id":6265,"href":"https:\/\/www.ecletismomusical.pt\/en\/wp-json\/wp\/v2\/posts\/6261\/revisions\/6265"}],"wp:featuredmedia":[{"embeddable":true,"href":"https:\/\/www.ecletismomusical.pt\/en\/wp-json\/wp\/v2\/media\/6264"}],"wp:attachment":[{"href":"https:\/\/www.ecletismomusical.pt\/en\/wp-json\/wp\/v2\/media?parent=6261"}],"wp:term":[{"taxonomy":"category","embeddable":true,"href":"https:\/\/www.ecletismomusical.pt\/en\/wp-json\/wp\/v2\/categories?post=6261"},{"taxonomy":"post_tag","embeddable":true,"href":"https:\/\/www.ecletismomusical.pt\/en\/wp-json\/wp\/v2\/tags?post=6261"}],"curies":[{"name":"wp","href":"https:\/\/api.w.org\/{rel}","templated":true}]}}