{"id":6307,"date":"2025-06-06T09:10:42","date_gmt":"2025-06-06T08:10:42","guid":{"rendered":"https:\/\/www.ecletismomusical.pt\/?p=6307"},"modified":"2025-06-06T09:11:29","modified_gmt":"2025-06-06T08:11:29","slug":"new-album-a-garota-nao-ferry-gold-2","status":"publish","type":"post","link":"https:\/\/www.ecletismomusical.pt\/en\/new-album-a-garota-nao-ferry-gold-2\/","title":{"rendered":"[The New Album] That girl, a non \u2013 Ferry-Gold"},"content":{"rendered":"<p>O novo \u00e1lbum da <strong>&#8220;A garota n\u00e3o&#8221;<\/strong> &#8211; <strong>Review Ecletismo Musical: <a href=\"https:\/\/www.ecletismomusical.pt\/en\/new-album-a-garota-nao-ferry-gold\/\">AQUI<\/a><\/strong>, est\u00e1 agora dispon\u00edvel nas plataformas digitais.<\/p>\n\n\n\n<div class=\"wp-block-embed__wrapper\">\n<iframe style=\"border-radius: 12px\" width=\"100%\" height=\"352\" frameborder=\"0\" allowfullscreen src=\"https:\/\/open.spotify.com\/embed\/album\/7LBkmmiAN37g6ecwNxj2EK?si=kjikAt4aSdWGjPHI1R55gA&#038;utm_source=oembed\"><\/iframe>\n<\/div>\n\n\n\n<p>Foto: Nuno Batista<\/p>","protected":false},"excerpt":{"rendered":"<p>O novo \u00e1lbum da &#8220;A garota n\u00e3o&#8221; &#8211; Review Ecletismo Musical: AQUI, est\u00e1 agora dispon\u00edvel nas plataformas digitais. Foto: Nuno Batista<\/p>","protected":false},"author":1,"featured_media":6309,"comment_status":"open","ping_status":"open","sticky":false,"template":"","format":"standard","meta":[],"categories":[22,1,529,118,30],"tags":[951,85],"_links":{"self":[{"href":"https:\/\/www.ecletismomusical.pt\/en\/wp-json\/wp\/v2\/posts\/6307"}],"collection":[{"href":"https:\/\/www.ecletismomusical.pt\/en\/wp-json\/wp\/v2\/posts"}],"about":[{"href":"https:\/\/www.ecletismomusical.pt\/en\/wp-json\/wp\/v2\/types\/post"}],"author":[{"embeddable":true,"href":"https:\/\/www.ecletismomusical.pt\/en\/wp-json\/wp\/v2\/users\/1"}],"replies":[{"embeddable":true,"href":"https:\/\/www.ecletismomusical.pt\/en\/wp-json\/wp\/v2\/comments?post=6307"}],"version-history":[{"count":2,"href":"https:\/\/www.ecletismomusical.pt\/en\/wp-json\/wp\/v2\/posts\/6307\/revisions"}],"predecessor-version":[{"id":6311,"href":"https:\/\/www.ecletismomusical.pt\/en\/wp-json\/wp\/v2\/posts\/6307\/revisions\/6311"}],"wp:featuredmedia":[{"embeddable":true,"href":"https:\/\/www.ecletismomusical.pt\/en\/wp-json\/wp\/v2\/media\/6309"}],"wp:attachment":[{"href":"https:\/\/www.ecletismomusical.pt\/en\/wp-json\/wp\/v2\/media?parent=6307"}],"wp:term":[{"taxonomy":"category","embeddable":true,"href":"https:\/\/www.ecletismomusical.pt\/en\/wp-json\/wp\/v2\/categories?post=6307"},{"taxonomy":"post_tag","embeddable":true,"href":"https:\/\/www.ecletismomusical.pt\/en\/wp-json\/wp\/v2\/tags?post=6307"}],"curies":[{"name":"wp","href":"https:\/\/api.w.org\/{rel}","templated":true}]}}