{"id":6324,"date":"2025-06-14T15:04:30","date_gmt":"2025-06-14T14:04:30","guid":{"rendered":"https:\/\/www.ecletismomusical.pt\/?p=6324"},"modified":"2025-06-14T15:04:37","modified_gmt":"2025-06-14T14:04:37","slug":"worth-listening-to-os-tua-partida-ep","status":"publish","type":"post","link":"https:\/\/www.ecletismomusical.pt\/en\/worth-listening-to-os-tua-partida-ep\/","title":{"rendered":"[Worth Listening to] Os Tua &#8211; Partida EP"},"content":{"rendered":"<p>&#8220;<strong style=\"font-style: italic\">Partida<\/strong>&#8221; marca o in\u00edcio da caminhada dos <strong>Os Tua<\/strong> (j\u00e1 destacados pelo Ecletismo Musical <a href=\"https:\/\/www.ecletismomusical.pt\/en\/worth-listening-to-os-tua-fuga-da-alegria\/?swcfpc=1\">AQUI<\/a>), uma jovem banda oriunda da <strong>P\u00f3voa de Varzim<\/strong> com enorme potencial no novo panorama da m\u00fasica portuguesa. Com um som que cruza o indie-pop-rock nacional com letras honestas e emocionais, o EP (composto por 4 temas) chega sem cerim\u00f3nia, mas com os dois p\u00e9s bem assentes numa identidade sonora j\u00e1 definida.<br><br>Destaque natural para a voz de <strong><a href=\"https:\/\/www.instagram.com\/lauraafmcosta\/\">Laura Costa<\/a><\/strong>. Firme, clara e assumindo o que canta com um misto de vulnerabilidade e for\u00e7a, quase um grito de urg\u00eancia juvenil, vindo das entranhas.<br><br>N\u00e3o \u00e9 apenas pela afina\u00e7\u00e3o ou pelo timbre, que ali\u00e1s \u00e9 bonito e limpo. \u00c9 pela forma como segura cada s\u00edlaba como se tivesse peso. <\/p>\n\n\n\n<div class=\"wp-block-embed__wrapper\">\n<iframe width=\"900\" height=\"506\" src=\"https:\/\/www.youtube.com\/embed\/SSam5X79BjI?feature=oembed\" frameborder=\"0\" allowfullscreen><\/iframe>\n<\/div>\n\n\n\n<p>O mais impressionante neste lan\u00e7amento \u00e9 a coer\u00eancia emocional que atravessa as faixas. N\u00e3o h\u00e1 aqui tentativas de mostrar versatilidade for\u00e7ada ou faixas que parecem sa\u00eddas de outro disco. Tudo soa a<strong> Os Tua<\/strong>, e tudo gira \u00e0 volta dessa ideia: partir nem sempre \u00e9 fugir. \u00c0s vezes \u00e9 s\u00f3 a forma mais honesta de ficar inteiro.<br><br>Nas palavras dos pr\u00f3prios:&#8221;<em>Em cada faixa, reina uma faceta diferente da vida jovem, ao som de pop e rock portugu\u00eas. A felicidade, a festa e a folia imperam. Contudo, o consentimento dita sempre as regras e a alegria n\u00e3o mora para sempre no mesmo s\u00edtio.<\/em><\/p>\n\n\n\n<p><em>\u201cPartida.\u201d mostra mesmo isso &#8211; que a vida \u00e9 feita de ciclos. Passamos a vida a ir. \u00c0s vezes paramos e ficamos, mas rapidamente ca\u00edmos. Com a mesma for\u00e7a, levantamos! E depois? Vamos (l\u00e1 outra vez)! Sempre.&#8221;<\/em><\/p>\n\n\n\n<div class=\"wp-block-embed__wrapper\">\n<iframe width=\"900\" height=\"506\" src=\"https:\/\/www.youtube.com\/embed\/1C3SyYTzScI?feature=oembed\" frameborder=\"0\" allowfullscreen><\/iframe>\n<\/div>\n\n\n\n<p>Se este \u00e9 o in\u00edcio, \u00e9 um belo come\u00e7o. E se a vocalista continuar a cantar assim, com verdade e sem medo de se destacar, os pr\u00f3ximos passos podem ser ainda mais fortes. Por agora, &#8220;<strong>Partida<\/strong>&#8221; \u00e9 um convite sereno, mas firme, para quem est\u00e1 atento ao que se anda a fazer na nova m\u00fasica portuguesa. <\/p>\n\n\n\n<p><br><\/p>\n\n\n\n<div class=\"wp-block-embed__wrapper\">\n<iframe style=\"border-radius: 12px\" width=\"100%\" height=\"352\" frameborder=\"0\" allowfullscreen src=\"https:\/\/open.spotify.com\/embed\/album\/48mClutOre2Ha9K265qtOX?si=_Z0AKyBWSbijul2VDACGYw&#038;utm_source=oembed\"><\/iframe>\n<\/div>","protected":false},"excerpt":{"rendered":"<p>&#8220;Partida&#8221; marca o in\u00edcio da caminhada dos Os Tua (j\u00e1 destacados pelo Ecletismo Musical AQUI), uma jovem banda oriunda da P\u00f3voa de Varzim com enorme potencial no novo panorama da m\u00fasica portuguesa. Com um som que cruza o indie-pop-rock nacional com letras honestas e emocionais, o EP (composto por 4 temas) chega sem cerim\u00f3nia, mas<\/p>","protected":false},"author":1,"featured_media":6475,"comment_status":"open","ping_status":"open","sticky":false,"template":"","format":"standard","meta":[],"categories":[1,529,28,30],"tags":[125,1053,1052,115],"_links":{"self":[{"href":"https:\/\/www.ecletismomusical.pt\/en\/wp-json\/wp\/v2\/posts\/6324"}],"collection":[{"href":"https:\/\/www.ecletismomusical.pt\/en\/wp-json\/wp\/v2\/posts"}],"about":[{"href":"https:\/\/www.ecletismomusical.pt\/en\/wp-json\/wp\/v2\/types\/post"}],"author":[{"embeddable":true,"href":"https:\/\/www.ecletismomusical.pt\/en\/wp-json\/wp\/v2\/users\/1"}],"replies":[{"embeddable":true,"href":"https:\/\/www.ecletismomusical.pt\/en\/wp-json\/wp\/v2\/comments?post=6324"}],"version-history":[{"count":3,"href":"https:\/\/www.ecletismomusical.pt\/en\/wp-json\/wp\/v2\/posts\/6324\/revisions"}],"predecessor-version":[{"id":6477,"href":"https:\/\/www.ecletismomusical.pt\/en\/wp-json\/wp\/v2\/posts\/6324\/revisions\/6477"}],"wp:featuredmedia":[{"embeddable":true,"href":"https:\/\/www.ecletismomusical.pt\/en\/wp-json\/wp\/v2\/media\/6475"}],"wp:attachment":[{"href":"https:\/\/www.ecletismomusical.pt\/en\/wp-json\/wp\/v2\/media?parent=6324"}],"wp:term":[{"taxonomy":"category","embeddable":true,"href":"https:\/\/www.ecletismomusical.pt\/en\/wp-json\/wp\/v2\/categories?post=6324"},{"taxonomy":"post_tag","embeddable":true,"href":"https:\/\/www.ecletismomusical.pt\/en\/wp-json\/wp\/v2\/tags?post=6324"}],"curies":[{"name":"wp","href":"https:\/\/api.w.org\/{rel}","templated":true}]}}