{"id":633,"date":"2009-12-15T02:51:00","date_gmt":"2009-12-15T02:51:00","guid":{"rendered":"https:\/\/ecletismomusical.pt\/se-quiseres-partir-amanha\/"},"modified":"2009-12-15T02:51:00","modified_gmt":"2009-12-15T02:51:00","slug":"se-quiseres-partir-amanha","status":"publish","type":"post","link":"https:\/\/www.ecletismomusical.pt\/en\/se-quiseres-partir-amanha\/","title":{"rendered":"&#8220;se quiseres partir amanh\u00e3&#8230;&#8221;"},"content":{"rendered":"<p><\/p>\n<p><span style=\"font-size:100%\">Simplesmente perfeito!<\/p>\n<p>Letra:<\/p>\n<p>      <span style=\"font-style: italic;font-size:85%\">Se quiseres partir amanh\u00e3<br \/>      eu paro o mundo<br \/>      com facilidade assim<br \/>      com esta m\u00e3o<br \/>      e ent\u00e3o descobriremos<br \/>      o mais profundo fundo que h\u00e1 no mundo<br \/>      que \u00e9 no irmos fundo \u00e0s coisas<br \/>      que h\u00e1 raz\u00e3o<br \/>      de verdades consumadas me consomem<br \/>      de <span>fal\u00e1cias<\/span> bem montadas me alimentam<br \/>      mas meu filho mora o reino do futuro<br \/>      que \u00e9 mais duro<br \/>      e n\u00e3o vai ser com palavras<br \/>      que o contentam<\/p>\n<p>      Se a morte lenta te rebenta sob a pele<br \/>      a cada dia<br \/>      e se no teu bra\u00e7o apenas sentes a for\u00e7a<br \/>      de um cansa\u00e7o organizado<br \/>      mas <span>mant\u00e9ns<\/span> na tua fronte a d\u00favida<br \/>      e o gosto pelo longe e a maresia<br \/>      e se sentes no teu peito de crian\u00e7a<br \/>      a alma de um sonho amorda\u00e7ado<br \/>      se quiseres partir amanh\u00e3<br \/>      eu paro o mundo<br \/>      com facilidade assim<br \/>      com esta m\u00e3o<br \/>      e ent\u00e3o descobriremos o mais profundo<br \/>      fundo que h\u00e1 no mundo<br \/>      que \u00e9 no irmos fundo \u00e0s coisas que h\u00e1 raz\u00e3o<\/p>\n<p>      (<span>iste<\/span> <span>mundus<\/span> <span>furibundus<\/span> falsa <span>prestat<\/span> <span>gaudia<\/span><br \/>      <span>quia<\/span> <span>fluunt<\/span> <span>et<\/span> <span>decurrunt<\/span> <span>ceu<\/span> <span>campi<\/span> <span>lilia<\/span><br \/>      <span>Laus<\/span> mundana <span>vita<\/span> <span>vana<\/span> <span>vera<\/span> <span>tillit<\/span> premia<br \/>      <span>nam<\/span> <span>impellit<\/span> <span>et<\/span> <span>submergit<\/span> animas <span>in<\/span> <span>tartara<\/span>)*<\/p>\n<p>(m\u00fasica e letra de Pedro Barroso<br \/><span>in<\/span> <span>Lp<\/span> &#8220;Roupas de P\u00e1tria, Roupas de Mulher&#8221;,1987)<\/p>\n<p>*retirado da vers\u00e3o original de Carmina <span>Burana<\/span><\/span><\/span><\/p>","protected":false},"excerpt":{"rendered":"<p>Simplesmente perfeito! Letra: Se quiseres partir amanh\u00e3 eu paro o mundo com facilidade assim com esta m\u00e3o e ent\u00e3o descobriremos o mais profundo fundo que h\u00e1 no mundo que \u00e9 no irmos fundo \u00e0s coisas que h\u00e1 raz\u00e3o de verdades consumadas me consomem de fal\u00e1cias bem montadas me alimentam mas meu filho mora o reino<\/p>","protected":false},"author":1,"featured_media":0,"comment_status":"open","ping_status":"open","sticky":false,"template":"","format":"standard","meta":[],"categories":[1],"tags":[],"_links":{"self":[{"href":"https:\/\/www.ecletismomusical.pt\/en\/wp-json\/wp\/v2\/posts\/633"}],"collection":[{"href":"https:\/\/www.ecletismomusical.pt\/en\/wp-json\/wp\/v2\/posts"}],"about":[{"href":"https:\/\/www.ecletismomusical.pt\/en\/wp-json\/wp\/v2\/types\/post"}],"author":[{"embeddable":true,"href":"https:\/\/www.ecletismomusical.pt\/en\/wp-json\/wp\/v2\/users\/1"}],"replies":[{"embeddable":true,"href":"https:\/\/www.ecletismomusical.pt\/en\/wp-json\/wp\/v2\/comments?post=633"}],"version-history":[{"count":0,"href":"https:\/\/www.ecletismomusical.pt\/en\/wp-json\/wp\/v2\/posts\/633\/revisions"}],"wp:attachment":[{"href":"https:\/\/www.ecletismomusical.pt\/en\/wp-json\/wp\/v2\/media?parent=633"}],"wp:term":[{"taxonomy":"category","embeddable":true,"href":"https:\/\/www.ecletismomusical.pt\/en\/wp-json\/wp\/v2\/categories?post=633"},{"taxonomy":"post_tag","embeddable":true,"href":"https:\/\/www.ecletismomusical.pt\/en\/wp-json\/wp\/v2\/tags?post=633"}],"curies":[{"name":"wp","href":"https:\/\/api.w.org\/{rel}","templated":true}]}}