{"id":6353,"date":"2025-06-09T11:21:12","date_gmt":"2025-06-09T10:21:12","guid":{"rendered":"https:\/\/www.ecletismomusical.pt\/?p=6353"},"modified":"2025-06-09T11:21:37","modified_gmt":"2025-06-09T10:21:37","slug":"afonso-rodrigues-areia-branca-album","status":"publish","type":"post","link":"https:\/\/www.ecletismomusical.pt\/en\/afonso-rodrigues-areia-branca-album\/","title":{"rendered":"[Worth Listening to] Afonso Rodrigues"},"content":{"rendered":"<p><strong><a href=\"https:\/\/www.instagram.com\/afonso_o_rodrigues\/\">Afonso Rodrigues<\/a><\/strong>, conhecido pela sua carreira em ingl\u00eas com os <strong>Sean Riley &amp; The Slowriders<\/strong> or <strong>Keep Razors Sharp<\/strong>, d\u00e1 agora corpo a uma nova fase, mais \u00edntima e introspectiva, culminando no \u00e1lbum &#8220;<strong><em>Areia Branca<\/em><\/strong>&#8220;, uma das melhores supresas do ano. <\/p>\n\n\n\n<p>Can\u00e7\u00f5es como <strong>\u201cJ\u00e1 Nem Sei\u201d<\/strong> and <strong>\u201cOnde Foi\u201d<\/strong> desenham um territ\u00f3rio de finitude, saudade e amor calado que Afonso apresenta nesta sua estreia em Portugu\u00eas.<\/p>\n\n\n\n<div class=\"wp-block-embed__wrapper\">\n<iframe width=\"900\" height=\"675\" src=\"https:\/\/www.youtube.com\/embed\/k1vDIoItoc8?feature=oembed\" frameborder=\"0\" allowfullscreen><\/iframe>\n<\/div>\n\n\n\n<p>Musicalmente, <em><strong>Areia Branca<\/strong><\/em> surpreende: combina a guitarra cl\u00e1ssica com arranjos eletr\u00f3nicos minimalistas e laivos de rock como em &#8220;Funchal&#8221;. A produ\u00e7\u00e3o de <strong>Filipe Costa<\/strong> (Slowriders) d\u00e1 ao disco uma textura moderna, sem trair a ess\u00eancia do cantautor. \u00c9 um \u00e1lbum que soa antigo e novo ao mesmo tempo, como quem escreve cartas com um sintetizador nas m\u00e3os.<\/p>\n\n\n\n<div class=\"wp-block-embed__wrapper\">\n<iframe style=\"border-radius: 12px\" width=\"100%\" height=\"352\" frameborder=\"0\" allowfullscreen src=\"https:\/\/open.spotify.com\/embed\/album\/58FnACRCyaGiwS5l3mPpH9?si=Cmq64WRgRvWkTTdcWhtalg&#038;utm_source=oembed\"><\/iframe>\n<\/div>\n\n\n\n<p>Cada can\u00e7\u00e3o parece um cap\u00edtulo de uma jornada de interioridade, marcada por aus\u00eancia, mem\u00f3ria, finitude e, por fim, uma certa aceita\u00e7\u00e3o.<\/p>\n\n\n\n<p>A aus\u00eancia (de algu\u00e9m, de tempo, de certezas) \u00e9 uma presen\u00e7a constante. Mas n\u00e3o h\u00e1 lamento gratuito. H\u00e1 contempla\u00e7\u00e3o, como se Afonso estivesse a escrever de dentro do sil\u00eancio, com um olhar que percorre os caminhos do sentir.<br><br>Uma das mais luminosas can\u00e7\u00f5es do \u00e1lbum &#8211; &#8220;Um Amor Qualquer&#8221; recebeu agora uma vers\u00e3o 2.0, em vers\u00e3o dueto com <strong>Catarina Salinas<\/strong> (vocalista dos Best Youth).<\/p>\n\n\n\n<div class=\"wp-block-embed__wrapper\">\n<iframe width=\"900\" height=\"675\" src=\"https:\/\/www.youtube.com\/embed\/PP3OQ2IUC7Y?feature=oembed\" frameborder=\"0\" allowfullscreen><\/iframe>\n<\/div>\n\n\n\n<p><em><strong>Areia Branca<\/strong><\/em> \u00e9 um disco que pede para ser ouvido \u00e0 antiga, do princ\u00edpio ao fim, com aten\u00e7\u00e3o e sem pressa.<\/p>","protected":false},"excerpt":{"rendered":"<p>Afonso Rodrigues, conhecido pela sua carreira em ingl\u00eas com os Sean Riley &amp; The Slowriders ou Keep Razors Sharp, d\u00e1 agora corpo a uma nova fase, mais \u00edntima e introspectiva, culminando no \u00e1lbum &#8220;Areia Branca&#8220;, uma das melhores supresas do ano. Can\u00e7\u00f5es como \u201cJ\u00e1 Nem Sei\u201d e \u201cOnde Foi\u201d desenham um territ\u00f3rio de finitude, saudade<\/p>","protected":false},"author":1,"featured_media":6376,"comment_status":"open","ping_status":"open","sticky":false,"template":"","format":"standard","meta":[],"categories":[1,529,26,263,30],"tags":[1108,1110,85,115],"_links":{"self":[{"href":"https:\/\/www.ecletismomusical.pt\/en\/wp-json\/wp\/v2\/posts\/6353"}],"collection":[{"href":"https:\/\/www.ecletismomusical.pt\/en\/wp-json\/wp\/v2\/posts"}],"about":[{"href":"https:\/\/www.ecletismomusical.pt\/en\/wp-json\/wp\/v2\/types\/post"}],"author":[{"embeddable":true,"href":"https:\/\/www.ecletismomusical.pt\/en\/wp-json\/wp\/v2\/users\/1"}],"replies":[{"embeddable":true,"href":"https:\/\/www.ecletismomusical.pt\/en\/wp-json\/wp\/v2\/comments?post=6353"}],"version-history":[{"count":3,"href":"https:\/\/www.ecletismomusical.pt\/en\/wp-json\/wp\/v2\/posts\/6353\/revisions"}],"predecessor-version":[{"id":6377,"href":"https:\/\/www.ecletismomusical.pt\/en\/wp-json\/wp\/v2\/posts\/6353\/revisions\/6377"}],"wp:featuredmedia":[{"embeddable":true,"href":"https:\/\/www.ecletismomusical.pt\/en\/wp-json\/wp\/v2\/media\/6376"}],"wp:attachment":[{"href":"https:\/\/www.ecletismomusical.pt\/en\/wp-json\/wp\/v2\/media?parent=6353"}],"wp:term":[{"taxonomy":"category","embeddable":true,"href":"https:\/\/www.ecletismomusical.pt\/en\/wp-json\/wp\/v2\/categories?post=6353"},{"taxonomy":"post_tag","embeddable":true,"href":"https:\/\/www.ecletismomusical.pt\/en\/wp-json\/wp\/v2\/tags?post=6353"}],"curies":[{"name":"wp","href":"https:\/\/api.w.org\/{rel}","templated":true}]}}