{"id":6369,"date":"2025-06-08T12:38:20","date_gmt":"2025-06-08T11:38:20","guid":{"rendered":"https:\/\/www.ecletismomusical.pt\/?p=6369"},"modified":"2025-06-08T12:38:28","modified_gmt":"2025-06-08T11:38:28","slug":"playlist-ecletismo-semanal-6","status":"publish","type":"post","link":"https:\/\/www.ecletismomusical.pt\/en\/playlist-ecletismo-semanal-6\/","title":{"rendered":"[Playlist] Ecletismo Semanal #6"},"content":{"rendered":"<p><strong>Ecletismo Semanal<\/strong> \u00e9 a Playlist do EM, com<strong> m\u00fasicas <\/strong>cuidadosamente escolhidas entre a nova cena indie, dream pop, alternativa, folk e outras sonoridades que fogem do \u00f3bvio.<\/p>\n\n\n\n<p>A curadoria \u00e9 feita com aten\u00e7\u00e3o, n\u00e3o por algoritmos. Queremos que cada edi\u00e7\u00e3o permita dar a conhecer, de forma desconstru\u00edda, o universo musical do <strong>Musical Eclecticism<\/strong> com abertura, liberdade e sem f\u00f3rmulas fixas.<\/p>\n\n\n<p><iframe style=\"border-radius:12px\" src=\"https:\/\/open.spotify.com\/embed\/playlist\/57T7w9501dZSdPVdfhtfTC?utm_source=generator\" width=\"100%\" height=\"352\" frameborder=\"0\" allowfullscreen=\"\"><\/iframe><\/p>","protected":false},"excerpt":{"rendered":"<p>Ecletismo Semanal \u00e9 a Playlist do EM, com m\u00fasicas cuidadosamente escolhidas entre a nova cena indie, dream pop, alternativa, folk e outras sonoridades que fogem do \u00f3bvio. A curadoria \u00e9 feita com aten\u00e7\u00e3o, n\u00e3o por algoritmos. Queremos que cada edi\u00e7\u00e3o permita dar a conhecer, de forma desconstru\u00edda, o universo musical do Ecletismo Musical com abertura,<\/p>","protected":false},"author":1,"featured_media":6372,"comment_status":"open","ping_status":"open","sticky":false,"template":"","format":"standard","meta":[],"categories":[1,1058],"tags":[94,1049,1107],"_links":{"self":[{"href":"https:\/\/www.ecletismomusical.pt\/en\/wp-json\/wp\/v2\/posts\/6369"}],"collection":[{"href":"https:\/\/www.ecletismomusical.pt\/en\/wp-json\/wp\/v2\/posts"}],"about":[{"href":"https:\/\/www.ecletismomusical.pt\/en\/wp-json\/wp\/v2\/types\/post"}],"author":[{"embeddable":true,"href":"https:\/\/www.ecletismomusical.pt\/en\/wp-json\/wp\/v2\/users\/1"}],"replies":[{"embeddable":true,"href":"https:\/\/www.ecletismomusical.pt\/en\/wp-json\/wp\/v2\/comments?post=6369"}],"version-history":[{"count":1,"href":"https:\/\/www.ecletismomusical.pt\/en\/wp-json\/wp\/v2\/posts\/6369\/revisions"}],"predecessor-version":[{"id":6370,"href":"https:\/\/www.ecletismomusical.pt\/en\/wp-json\/wp\/v2\/posts\/6369\/revisions\/6370"}],"wp:featuredmedia":[{"embeddable":true,"href":"https:\/\/www.ecletismomusical.pt\/en\/wp-json\/wp\/v2\/media\/6372"}],"wp:attachment":[{"href":"https:\/\/www.ecletismomusical.pt\/en\/wp-json\/wp\/v2\/media?parent=6369"}],"wp:term":[{"taxonomy":"category","embeddable":true,"href":"https:\/\/www.ecletismomusical.pt\/en\/wp-json\/wp\/v2\/categories?post=6369"},{"taxonomy":"post_tag","embeddable":true,"href":"https:\/\/www.ecletismomusical.pt\/en\/wp-json\/wp\/v2\/tags?post=6369"}],"curies":[{"name":"wp","href":"https:\/\/api.w.org\/{rel}","templated":true}]}}