{"id":6424,"date":"2025-06-11T08:07:00","date_gmt":"2025-06-11T07:07:00","guid":{"rendered":"https:\/\/www.ecletismomusical.pt\/?p=6424"},"modified":"2025-06-11T09:02:23","modified_gmt":"2025-06-11T08:02:23","slug":"new-video-air-cherry-blossom-girl-feat-charli-xcx","status":"publish","type":"post","link":"https:\/\/www.ecletismomusical.pt\/en\/new-video-air-cherry-blossom-girl-feat-charli-xcx\/","title":{"rendered":"[New Video] AIR &#8211; Cherry Blossom Girl feat. Charli XCX"},"content":{"rendered":"<div class=\"wp-block-embed__wrapper\">\n<iframe width=\"900\" height=\"675\" src=\"https:\/\/www.youtube.com\/embed\/7XDU7Y-HbzE?feature=oembed\" frameborder=\"0\" allowfullscreen><\/iframe>\n<\/div>\n\n\n\n<p>No segundo dia do Festival <strong>We Love Green 2025<\/strong>, os hist\u00f3ricos franceses <a href=\"https:\/\/www.instagram.com\/airfrenchband\/\">AIR<\/a> decidiram convidar um dos maiores nomes atuais da pop <a href=\"https:\/\/www.instagram.com\/charli_xcx\/\">Charli XCX<\/a> para revisitar um dos seus maiores sucessos: <strong>&#8220;Cherry Blossom Girl&#8221;.<\/strong><\/p>\n\n\n\n<p>O que se ouviu foi uma excelente reinterpreta\u00e7\u00e3o A voz de <strong>Charli XCX<\/strong>, encaixou muito bem criando um momento inesperado, mas com a pop e electr\u00f3nica a dan\u00e7arem na mesma frequ\u00eancia.<\/p>","protected":false},"excerpt":{"rendered":"<p>No segundo dia do Festival We Love Green 2025, os hist\u00f3ricos franceses AIR decidiram convidar um dos maiores nomes atuais da pop Charli XCX para revisitar um dos seus maiores sucessos: &#8220;Cherry Blossom Girl&#8221;. O que se ouviu foi uma excelente reinterpreta\u00e7\u00e3o A voz de Charli XCX, encaixou muito bem criando um momento inesperado, mas<\/p>","protected":false},"author":1,"featured_media":6426,"comment_status":"open","ping_status":"open","sticky":false,"template":"","format":"standard","meta":[],"categories":[175,235],"tags":[1120,1121,240,72,89],"_links":{"self":[{"href":"https:\/\/www.ecletismomusical.pt\/en\/wp-json\/wp\/v2\/posts\/6424"}],"collection":[{"href":"https:\/\/www.ecletismomusical.pt\/en\/wp-json\/wp\/v2\/posts"}],"about":[{"href":"https:\/\/www.ecletismomusical.pt\/en\/wp-json\/wp\/v2\/types\/post"}],"author":[{"embeddable":true,"href":"https:\/\/www.ecletismomusical.pt\/en\/wp-json\/wp\/v2\/users\/1"}],"replies":[{"embeddable":true,"href":"https:\/\/www.ecletismomusical.pt\/en\/wp-json\/wp\/v2\/comments?post=6424"}],"version-history":[{"count":2,"href":"https:\/\/www.ecletismomusical.pt\/en\/wp-json\/wp\/v2\/posts\/6424\/revisions"}],"predecessor-version":[{"id":6428,"href":"https:\/\/www.ecletismomusical.pt\/en\/wp-json\/wp\/v2\/posts\/6424\/revisions\/6428"}],"wp:featuredmedia":[{"embeddable":true,"href":"https:\/\/www.ecletismomusical.pt\/en\/wp-json\/wp\/v2\/media\/6426"}],"wp:attachment":[{"href":"https:\/\/www.ecletismomusical.pt\/en\/wp-json\/wp\/v2\/media?parent=6424"}],"wp:term":[{"taxonomy":"category","embeddable":true,"href":"https:\/\/www.ecletismomusical.pt\/en\/wp-json\/wp\/v2\/categories?post=6424"},{"taxonomy":"post_tag","embeddable":true,"href":"https:\/\/www.ecletismomusical.pt\/en\/wp-json\/wp\/v2\/tags?post=6424"}],"curies":[{"name":"wp","href":"https:\/\/api.w.org\/{rel}","templated":true}]}}