{"id":644,"date":"2009-11-10T16:53:00","date_gmt":"2009-11-10T16:53:00","guid":{"rendered":"https:\/\/ecletismomusical.pt\/para-descobrir\/"},"modified":"2009-11-10T16:53:00","modified_gmt":"2009-11-10T16:53:00","slug":"para-descobrir","status":"publish","type":"post","link":"https:\/\/www.ecletismomusical.pt\/en\/para-descobrir\/","title":{"rendered":"Para descobrir&#8230;"},"content":{"rendered":"<p><a href=\"http:\/\/www.myspace.com\/tiemusica\"><img style=\"width: 336px;height: 223px\" src=\"http:\/\/musicaesparsa.files.wordpress.com\/2009\/08\/tie-cantora.jpg\" \/><\/a><\/p>\n<p><a href=\"http:\/\/www.myspace.com\/tiemusica\"><span style=\"font-family:arial\">Ti\u00ea<\/span><\/a><br \/><span style=\"font-style: italic\"><br \/><\/span><\/p>\n<div style=\"text-align: justify\"><span style=\"font-style: italic;font-size:85%\"><span style=\"font-family:arial\">Desde que venceu o tradicional Pr\u00eamio Fico do Col\u00e9gio Objetivo, a cantora paulistana se tornou figura frequente nos palcos da noite paulistana. Primeiro como int\u00e9rprete, depois experimentando composi\u00e7\u00f5es pr\u00f3prias. A certeza de seu caminho musical fez com que <a href=\"http:\/\/www.myspace.com\/tiemusica\">Ti\u00ea<\/a> investisse em seu talento. Estudou canto em Nova Iorque, onde continuou sua carreira. O talento chamou a aten\u00e7\u00e3o de Toquinho, que a convidou para ingressar em sua banda. <a href=\"http:\/\/www.myspace.com\/tiemusica\">Ti\u00ea<\/a> rodou o Brasil e o mundo com o m\u00fasico e acumulou experi\u00eancia. Em busca da carreira autoral criou ao lado do amigo e parceiro Dudu Tsuda, o celebrado projeto Cabaret, que se notabilizou em dois dos melhores clubes de Sao Paulo: Vegas e Studio SP. O per\u00edodo rendeu um EP \u00e0 cantora, e uma excelente visibilidade na m\u00eddia: Ti\u00ea foi colocada em todas as listas de novas cantoras promissoras e destacada pela peculiaridade de seu som &#8211; bastante auto-biogr\u00e1fico. <\/span><\/span><\/p>\n<p><\/p>\n<p><span style=\"font-style: italic;font-family:arial;font-size:85%\">Em 2008 Ti\u00ea preparou seu primeiro CD. Em nova parceria &#8211; agora com o produtor carioca Plinio Profeta &#8211; foram gravadas dez faixas de autoria pr\u00f3pria, ao vivo, bem ao estilo low-fi \u2013antiga tend\u00eancia resgatada por novos cantores\/compositores folk do mundo todo. O trabalho foi batizado de Sweet Jardim. As quatro primeiras faixas (Assinado eu, Dois, Quinto Andar e Passarinho) s\u00e3o baseadas na voz e no viol\u00e3o tocado por Ti\u00ea e trazem arranjos incidentais e minimalistas que valorizam o lado musicista e rom\u00e2ntico da cantora. O tom sobe na quinta e oitava m\u00fasicas (Aula de Franc\u00eas e Stranger But Mine), que ainda trazem Ti\u00ea ao viol\u00e3o, mas com arranjos mais r\u00e1pidos e pr\u00f3ximos ao folk e letras que mesclam o franc\u00eas e portugu\u00eas (Aula de Franc\u00eas) e o ingl\u00eas (Stranger But Mine). Ch\u00e1 Verde (sexta faixa) introduz Ti\u00ea ao piano, e \u00e9 a mais autobiogr\u00e1fica can\u00e7\u00e3o do disco. O piano com acompanhamentos incidentais se repete na nona faixa (A Bailarina e o Astronauta). As duas m\u00fasicas explicitam a elogiada capacidade de letrista da cantora. Por fim, a m\u00fasica titulo, Sweet Jardim, surge como uma celebra\u00e7\u00e3o do trabalho, embalada pelos viol\u00f5es ciganos do mestre Toquinho, que faz participa\u00e7\u00e3o mais do que especial no disco. O trabalho, ainda conta com a concep\u00e7\u00e3o est\u00e9tica da estilista Rita Wainer, que tamb\u00e9m assina a capa. <\/span><\/p>\n<p><\/div>","protected":false},"excerpt":{"rendered":"<p>Ti\u00ea Desde que venceu o tradicional Pr\u00eamio Fico do Col\u00e9gio Objetivo, a cantora paulistana se tornou figura frequente nos palcos da noite paulistana. Primeiro como int\u00e9rprete, depois experimentando composi\u00e7\u00f5es pr\u00f3prias. A certeza de seu caminho musical fez com que Ti\u00ea investisse em seu talento. Estudou canto em Nova Iorque, onde continuou sua carreira. O talento<\/p>","protected":false},"author":1,"featured_media":0,"comment_status":"open","ping_status":"open","sticky":false,"template":"","format":"standard","meta":[],"categories":[1],"tags":[],"_links":{"self":[{"href":"https:\/\/www.ecletismomusical.pt\/en\/wp-json\/wp\/v2\/posts\/644"}],"collection":[{"href":"https:\/\/www.ecletismomusical.pt\/en\/wp-json\/wp\/v2\/posts"}],"about":[{"href":"https:\/\/www.ecletismomusical.pt\/en\/wp-json\/wp\/v2\/types\/post"}],"author":[{"embeddable":true,"href":"https:\/\/www.ecletismomusical.pt\/en\/wp-json\/wp\/v2\/users\/1"}],"replies":[{"embeddable":true,"href":"https:\/\/www.ecletismomusical.pt\/en\/wp-json\/wp\/v2\/comments?post=644"}],"version-history":[{"count":0,"href":"https:\/\/www.ecletismomusical.pt\/en\/wp-json\/wp\/v2\/posts\/644\/revisions"}],"wp:attachment":[{"href":"https:\/\/www.ecletismomusical.pt\/en\/wp-json\/wp\/v2\/media?parent=644"}],"wp:term":[{"taxonomy":"category","embeddable":true,"href":"https:\/\/www.ecletismomusical.pt\/en\/wp-json\/wp\/v2\/categories?post=644"},{"taxonomy":"post_tag","embeddable":true,"href":"https:\/\/www.ecletismomusical.pt\/en\/wp-json\/wp\/v2\/tags?post=644"}],"curies":[{"name":"wp","href":"https:\/\/api.w.org\/{rel}","templated":true}]}}