{"id":660,"date":"2009-10-02T09:59:00","date_gmt":"2009-10-02T09:59:00","guid":{"rendered":"https:\/\/ecletismomusical.pt\/e-muito-bom-e-hype-e-xx\/"},"modified":"2009-10-02T09:59:00","modified_gmt":"2009-10-02T09:59:00","slug":"e-muito-bom-e-hype-e-xx","status":"publish","type":"post","link":"https:\/\/www.ecletismomusical.pt\/en\/e-muito-bom-e-hype-e-xx\/","title":{"rendered":"\u00c9 muito bom, \u00c9 hype, \u00c9 xx&#8230;"},"content":{"rendered":"<p><br \/><a href=\"http:\/\/www.myspace.com\/thexx\"><br \/><span style=\"font-family:arial\">The xx<\/span><\/a><\/p>\n<div style=\"text-align: justify\"><span style=\"font-family: arial\">Olhando para as datas e locais onde ir\u00e3o tocar nos pr\u00f3ximos meses a pergunta que se imp\u00f5e \u00e9:<\/span><\/p>\n<p><span style=\"font-family: arial;font-family:arial\">E Portugal? Nenhuma produtora interessada!? Ser\u00e1 em Janeiro?<\/span><\/div>","protected":false},"excerpt":{"rendered":"<p>The xx Olhando para as datas e locais onde ir\u00e3o tocar nos pr\u00f3ximos meses a pergunta que se imp\u00f5e \u00e9: E Portugal? Nenhuma produtora interessada!? Ser\u00e1 em Janeiro?<\/p>","protected":false},"author":1,"featured_media":0,"comment_status":"open","ping_status":"open","sticky":false,"template":"","format":"standard","meta":[],"categories":[1],"tags":[],"_links":{"self":[{"href":"https:\/\/www.ecletismomusical.pt\/en\/wp-json\/wp\/v2\/posts\/660"}],"collection":[{"href":"https:\/\/www.ecletismomusical.pt\/en\/wp-json\/wp\/v2\/posts"}],"about":[{"href":"https:\/\/www.ecletismomusical.pt\/en\/wp-json\/wp\/v2\/types\/post"}],"author":[{"embeddable":true,"href":"https:\/\/www.ecletismomusical.pt\/en\/wp-json\/wp\/v2\/users\/1"}],"replies":[{"embeddable":true,"href":"https:\/\/www.ecletismomusical.pt\/en\/wp-json\/wp\/v2\/comments?post=660"}],"version-history":[{"count":0,"href":"https:\/\/www.ecletismomusical.pt\/en\/wp-json\/wp\/v2\/posts\/660\/revisions"}],"wp:attachment":[{"href":"https:\/\/www.ecletismomusical.pt\/en\/wp-json\/wp\/v2\/media?parent=660"}],"wp:term":[{"taxonomy":"category","embeddable":true,"href":"https:\/\/www.ecletismomusical.pt\/en\/wp-json\/wp\/v2\/categories?post=660"},{"taxonomy":"post_tag","embeddable":true,"href":"https:\/\/www.ecletismomusical.pt\/en\/wp-json\/wp\/v2\/tags?post=660"}],"curies":[{"name":"wp","href":"https:\/\/api.w.org\/{rel}","templated":true}]}}