{"id":662,"date":"2009-09-28T01:32:00","date_gmt":"2009-09-28T01:32:00","guid":{"rendered":"https:\/\/ecletismomusical.pt\/tara-perdida-e-xutos-pontapes-restelo\/"},"modified":"2009-09-28T01:32:00","modified_gmt":"2009-09-28T01:32:00","slug":"tara-perdida-e-xutos-pontapes-restelo","status":"publish","type":"post","link":"https:\/\/www.ecletismomusical.pt\/en\/tara-perdida-e-xutos-pontapes-restelo\/","title":{"rendered":"Tara Perdida e Xutos &#038; Pontap\u00e9s @Restelo"},"content":{"rendered":"<div style=\"text-align: justify\"><span style=\"font-family:arial\">Foram 40 mil pessoas a cantar e a viver um momento \u00fanico na hist\u00f3ria da m\u00fasica portuguesa.<\/span><\/p>\n<p><span style=\"font-family:arial\">Aqui ficam alguns dos momentos do concerto de 26 de Setembro de 2009. O dia em que 40 mil pessoas deixaram os &#8220;preconceitos&#8221; de parte e encheram um est\u00e1dio para celebrar os 30 anos da maior banda portuguesa.<\/span><\/div>\n<p><span style=\"font-family:arial\">1\u00aa Parte<\/span><br \/><span style=\"font-family:arial\">Tara Perdida<\/span><\/p>\n<p><\/p>\n<p><\/p>\n<p><span style=\"font-family:arial\">Xutos &amp; Pontap\u00e9s<\/span><\/p>\n<p><\/p>\n<p><\/p>\n<p><\/p>\n<p><\/p>","protected":false},"excerpt":{"rendered":"<p>Foram 40 mil pessoas a cantar e a viver um momento \u00fanico na hist\u00f3ria da m\u00fasica portuguesa. Aqui ficam alguns dos momentos do concerto de 26 de Setembro de 2009. O dia em que 40 mil pessoas deixaram os &#8220;preconceitos&#8221; de parte e encheram um est\u00e1dio para celebrar os 30 anos da maior banda portuguesa.<\/p>","protected":false},"author":1,"featured_media":0,"comment_status":"open","ping_status":"open","sticky":false,"template":"","format":"standard","meta":[],"categories":[1],"tags":[],"_links":{"self":[{"href":"https:\/\/www.ecletismomusical.pt\/en\/wp-json\/wp\/v2\/posts\/662"}],"collection":[{"href":"https:\/\/www.ecletismomusical.pt\/en\/wp-json\/wp\/v2\/posts"}],"about":[{"href":"https:\/\/www.ecletismomusical.pt\/en\/wp-json\/wp\/v2\/types\/post"}],"author":[{"embeddable":true,"href":"https:\/\/www.ecletismomusical.pt\/en\/wp-json\/wp\/v2\/users\/1"}],"replies":[{"embeddable":true,"href":"https:\/\/www.ecletismomusical.pt\/en\/wp-json\/wp\/v2\/comments?post=662"}],"version-history":[{"count":0,"href":"https:\/\/www.ecletismomusical.pt\/en\/wp-json\/wp\/v2\/posts\/662\/revisions"}],"wp:attachment":[{"href":"https:\/\/www.ecletismomusical.pt\/en\/wp-json\/wp\/v2\/media?parent=662"}],"wp:term":[{"taxonomy":"category","embeddable":true,"href":"https:\/\/www.ecletismomusical.pt\/en\/wp-json\/wp\/v2\/categories?post=662"},{"taxonomy":"post_tag","embeddable":true,"href":"https:\/\/www.ecletismomusical.pt\/en\/wp-json\/wp\/v2\/tags?post=662"}],"curies":[{"name":"wp","href":"https:\/\/api.w.org\/{rel}","templated":true}]}}