{"id":6700,"date":"2025-07-02T10:17:29","date_gmt":"2025-07-02T09:17:29","guid":{"rendered":"https:\/\/www.ecletismomusical.pt\/?p=6700"},"modified":"2025-07-02T10:17:32","modified_gmt":"2025-07-02T09:17:32","slug":"new-single-of-monsters-and-men-television-love","status":"publish","type":"post","link":"https:\/\/www.ecletismomusical.pt\/en\/new-single-of-monsters-and-men-television-love\/","title":{"rendered":"[New Single] Of Monsters and Men &#8211; Television Love"},"content":{"rendered":"<div class=\"wp-block-embed__wrapper\">\n<iframe width=\"900\" height=\"506\" src=\"https:\/\/www.youtube.com\/embed\/TJKxdPzoeEs?feature=oembed\" frameborder=\"0\" allowfullscreen><\/iframe>\n<\/div>\n\n\n\n<p>Ap\u00f3s cinco anos de sil\u00eancio discogr\u00e1fico, os islandeses <strong><a href=\"https:\/\/www.instagram.com\/ofmonstersandmen\/\">Of Monsters and Men<\/a><\/strong> regressam com <strong>\u201c<em>Television Love<\/em>\u201d<\/strong>, uma can\u00e7\u00e3o que marca o reencontro com a ess\u00eancia emocional e cinematogr\u00e1fica da banda. Lan\u00e7ado no dia 1 de julho de 2025, este novo single confirma o amadurecimento art\u00edstico do grupo, sem perder a sensibilidade que os tornou um fen\u00f3meno global desde \u201cLittle Talks\u201d.<\/p>\n\n\n\n<p>Descrita pela banda como \u201cuma conversa entre duas pessoas, esticada no tempo\u201d, a can\u00e7\u00e3o mergulha na nostalgia, nas pausas que moldam as rela\u00e7\u00f5es e na persist\u00eancia da liga\u00e7\u00e3o mesmo quando as palavras j\u00e1 n\u00e3o dizem tudo. Com guitarras suaves, ambi\u00eancias et\u00e9reas e uma harmonia vocal delicadamente constru\u00edda, <em>Television Love<\/em> evoca aquela sensa\u00e7\u00e3o de olhar para o passado com ternura e desconforto ao mesmo tempo.<\/p>\n\n\n\n<div class=\"wp-block-embed__wrapper\">\n<iframe style=\"border-radius: 12px\" width=\"100%\" height=\"352\" frameborder=\"0\" allowfullscreen src=\"https:\/\/open.spotify.com\/embed\/album\/2sp7hANBzhnwd3SlUZYPl0?utm_source=oembed\"><\/iframe>\n<\/div>\n\n\n\n<p>O videoclipe, realizado por <strong>Erlendur Sveinsson<\/strong>, foi gravado em pel\u00edcula de 35mm durante a noite do solst\u00edcio na Isl\u00e2ndia, o que permite uma luz quase irreal e um ambiente on\u00edrico. Nele, vemos uma mesa que atravessa o tempo, enquanto o sil\u00eancio, o afeto e o desgaste coexistem em planos longos e subtis. A imagem acompanha com precis\u00e3o o esp\u00edrito da can\u00e7\u00e3o, uma dan\u00e7a emocional entre o que foi dito e o que ficou por dizer.<\/p>","protected":false},"excerpt":{"rendered":"<p>Ap\u00f3s cinco anos de sil\u00eancio discogr\u00e1fico, os islandeses Of Monsters and Men regressam com \u201cTelevision Love\u201d, uma can\u00e7\u00e3o que marca o reencontro com a ess\u00eancia emocional e cinematogr\u00e1fica da banda. Lan\u00e7ado no dia 1 de julho de 2025, este novo single confirma o amadurecimento art\u00edstico do grupo, sem perder a sensibilidade que os tornou um<\/p>","protected":false},"author":1,"featured_media":6702,"comment_status":"open","ping_status":"open","sticky":false,"template":"","format":"standard","meta":[],"categories":[1,26],"tags":[85,87,1171],"_links":{"self":[{"href":"https:\/\/www.ecletismomusical.pt\/en\/wp-json\/wp\/v2\/posts\/6700"}],"collection":[{"href":"https:\/\/www.ecletismomusical.pt\/en\/wp-json\/wp\/v2\/posts"}],"about":[{"href":"https:\/\/www.ecletismomusical.pt\/en\/wp-json\/wp\/v2\/types\/post"}],"author":[{"embeddable":true,"href":"https:\/\/www.ecletismomusical.pt\/en\/wp-json\/wp\/v2\/users\/1"}],"replies":[{"embeddable":true,"href":"https:\/\/www.ecletismomusical.pt\/en\/wp-json\/wp\/v2\/comments?post=6700"}],"version-history":[{"count":2,"href":"https:\/\/www.ecletismomusical.pt\/en\/wp-json\/wp\/v2\/posts\/6700\/revisions"}],"predecessor-version":[{"id":6705,"href":"https:\/\/www.ecletismomusical.pt\/en\/wp-json\/wp\/v2\/posts\/6700\/revisions\/6705"}],"wp:featuredmedia":[{"embeddable":true,"href":"https:\/\/www.ecletismomusical.pt\/en\/wp-json\/wp\/v2\/media\/6702"}],"wp:attachment":[{"href":"https:\/\/www.ecletismomusical.pt\/en\/wp-json\/wp\/v2\/media?parent=6700"}],"wp:term":[{"taxonomy":"category","embeddable":true,"href":"https:\/\/www.ecletismomusical.pt\/en\/wp-json\/wp\/v2\/categories?post=6700"},{"taxonomy":"post_tag","embeddable":true,"href":"https:\/\/www.ecletismomusical.pt\/en\/wp-json\/wp\/v2\/tags?post=6700"}],"curies":[{"name":"wp","href":"https:\/\/api.w.org\/{rel}","templated":true}]}}