{"id":6727,"date":"2025-07-03T15:26:26","date_gmt":"2025-07-03T14:26:26","guid":{"rendered":"https:\/\/www.ecletismomusical.pt\/?p=6727"},"modified":"2025-07-03T15:33:37","modified_gmt":"2025-07-03T14:33:37","slug":"worth-listening-to-martin-sued-bernardo-couto-margens","status":"publish","type":"post","link":"https:\/\/www.ecletismomusical.pt\/en\/worth-listening-to-martin-sued-bernardo-couto-margens\/","title":{"rendered":"[Worth Listening to] Mart\u00edn Sued &#038; Bernardo Couto &#8211; MARGENS"},"content":{"rendered":"<p>When <a href=\"https:\/\/www.instagram.com\/bernacouto\/\">Bernardo Couto<\/a>, mestre absoluto da guitarra portuguesa, se encontra com <a href=\"https:\/\/www.instagram.com\/msued.bandoneon\/\">Mart\u00edn Sued<\/a>, um dos grandes do bandoneon argentino, s\u00f3 se pode esperar uma coisa: excel\u00eancia em estado puro.<\/p>\n\n\n\n<p>O \u00e1lbum <em>Margens<\/em>, lan\u00e7ado pela editora <strong><a href=\"https:\/\/www.instagram.com\/lado_b_records\/\">Lado B Records<\/a><\/strong>, junta dois m\u00fasicos de mundos distintos num encontro profundo e emotivo. Num registo inteiramente instrumental, o disco prop\u00f5e uma conversa musical entre o fado e o tango, g\u00e9neros que partilham o lirismo, a melancolia e a verdade emocional.<\/p>\n\n\n\n<div class=\"wp-block-embed__wrapper\">\n<iframe width=\"900\" height=\"506\" src=\"https:\/\/www.youtube.com\/embed\/ZvQzAmyfv5U?feature=oembed\" frameborder=\"0\" allowfullscreen><\/iframe>\n<\/div>\n\n\n\n<p>Ao longo das faixas, ouve-se mais do que t\u00e9cnica: ouve-se escuta. A guitarra portuguesa percorre caminhos familiares e nost\u00e1lgicos, enquanto o bandoneon desenha linhas mel\u00f3dicas inesperadas, vindas de longe mas que soam surpreendentemente pr\u00f3ximas. Juntos, criam uma linguagem comum, feita de subtileza, respeito m\u00fatuo e espa\u00e7o para respirar.<\/p>\n\n\n\n<p>Um disco que se saboreia devagar, ideal para momentos de introspe\u00e7\u00e3o, contempla\u00e7\u00e3o ou simplesmente para deixar a m\u00fasica falar.<\/p>\n\n\n\n<div class=\"wp-block-embed__wrapper\">\n<iframe style=\"border-radius: 12px\" width=\"100%\" height=\"352\" frameborder=\"0\" allowfullscreen src=\"https:\/\/open.spotify.com\/embed\/album\/5v6Ypy1E3vYDYor0Xc1h55?utm_source=oembed\"><\/iframe>\n<\/div>","protected":false},"excerpt":{"rendered":"<p>Quando Bernardo Couto, mestre absoluto da guitarra portuguesa, se encontra com Mart\u00edn Sued, um dos grandes do bandoneon argentino, s\u00f3 se pode esperar uma coisa: excel\u00eancia em estado puro. O \u00e1lbum Margens, lan\u00e7ado pela editora Lado B Records, junta dois m\u00fasicos de mundos distintos num encontro profundo e emotivo. Num registo inteiramente instrumental, o disco<\/p>","protected":false},"author":1,"featured_media":6731,"comment_status":"open","ping_status":"open","sticky":false,"template":"","format":"standard","meta":[],"categories":[22,1,529,30],"tags":[582,1178,1177,1176,85,115],"_links":{"self":[{"href":"https:\/\/www.ecletismomusical.pt\/en\/wp-json\/wp\/v2\/posts\/6727"}],"collection":[{"href":"https:\/\/www.ecletismomusical.pt\/en\/wp-json\/wp\/v2\/posts"}],"about":[{"href":"https:\/\/www.ecletismomusical.pt\/en\/wp-json\/wp\/v2\/types\/post"}],"author":[{"embeddable":true,"href":"https:\/\/www.ecletismomusical.pt\/en\/wp-json\/wp\/v2\/users\/1"}],"replies":[{"embeddable":true,"href":"https:\/\/www.ecletismomusical.pt\/en\/wp-json\/wp\/v2\/comments?post=6727"}],"version-history":[{"count":3,"href":"https:\/\/www.ecletismomusical.pt\/en\/wp-json\/wp\/v2\/posts\/6727\/revisions"}],"predecessor-version":[{"id":6735,"href":"https:\/\/www.ecletismomusical.pt\/en\/wp-json\/wp\/v2\/posts\/6727\/revisions\/6735"}],"wp:featuredmedia":[{"embeddable":true,"href":"https:\/\/www.ecletismomusical.pt\/en\/wp-json\/wp\/v2\/media\/6731"}],"wp:attachment":[{"href":"https:\/\/www.ecletismomusical.pt\/en\/wp-json\/wp\/v2\/media?parent=6727"}],"wp:term":[{"taxonomy":"category","embeddable":true,"href":"https:\/\/www.ecletismomusical.pt\/en\/wp-json\/wp\/v2\/categories?post=6727"},{"taxonomy":"post_tag","embeddable":true,"href":"https:\/\/www.ecletismomusical.pt\/en\/wp-json\/wp\/v2\/tags?post=6727"}],"curies":[{"name":"wp","href":"https:\/\/api.w.org\/{rel}","templated":true}]}}