{"id":673,"date":"2009-09-06T18:44:00","date_gmt":"2009-09-06T18:44:00","guid":{"rendered":"https:\/\/ecletismomusical.pt\/luar-na-lubre\/"},"modified":"2009-09-06T18:44:00","modified_gmt":"2009-09-06T18:44:00","slug":"luar-na-lubre","status":"publish","type":"post","link":"https:\/\/www.ecletismomusical.pt\/en\/luar-na-lubre\/","title":{"rendered":"Luar Na Lubre"},"content":{"rendered":"<p><a href=\"http:\/\/www.luarnalubre.com\/\"><img style=\"width: 249px;height: 341px\" src=\"http:\/\/internits.com.ar\/memento\/wp-content\/uploads\/2009\/06\/luarnalubre-219x300.jpg\" \/><\/a><\/p>\n<div style=\"text-align: justify\"><span style=\"font-family: arial\">Foi lan\u00e7ado em Fevereiro de 2009,o novo CD\/DVD &#8220;Ao Vivo&#8221; dos brilhantes <a href=\"http:\/\/www.luarnalubre.com\/\">Luar Na Lubre<\/a>. S\u00e3o 18 temas, gravados ao vivo no Teatro Col\u00f3n da Coru\u00f1a. Do \u00e1lbum fazem parte todos os cl\u00e1ssicos, tais como: \u00abTu Gitana\u00bb, \u00abO Son do Ar\u00bb, \u00abChove en Santiago\u00bb, um tema in\u00e9dito \u00abAxeitame Polaini\u00f1a\u00bb e tr\u00eas colabora\u00e7\u00f5es especiais: Luz Casal em \u00abCamari\u00f1as\u00bb, Diana Navarro em \u00abRomeiro ao Lonxe\u00bb e Pedro Guerra em \u00abMem\u00f3ria da Noite\u00bb.<\/span><br \/><a href=\"http:\/\/sonsvadios.blogspot.com\/\"><br \/><\/a><span style=\"font-family: arial\"><a href=\"http:\/\/sonsvadios.blogspot.com\/\">Sara Vidal<\/a>, a portuguesa que desde 2005 \u00e9 a voz deste fant\u00e1stico grupo galego de folk\/celta, tem mais uma vez uma presta\u00e7\u00e3o brilhante, demonstrando novamente ser uma das melhores vozes da pen\u00ednsula ib\u00e9rica. A n\u00e3o perder!<\/span><\/div>\n<p><\/p>","protected":false},"excerpt":{"rendered":"<p>Foi lan\u00e7ado em Fevereiro de 2009,o novo CD\/DVD &#8220;Ao Vivo&#8221; dos brilhantes Luar Na Lubre. S\u00e3o 18 temas, gravados ao vivo no Teatro Col\u00f3n da Coru\u00f1a. Do \u00e1lbum fazem parte todos os cl\u00e1ssicos, tais como: \u00abTu Gitana\u00bb, \u00abO Son do Ar\u00bb, \u00abChove en Santiago\u00bb, um tema in\u00e9dito \u00abAxeitame Polaini\u00f1a\u00bb e tr\u00eas colabora\u00e7\u00f5es especiais: Luz Casal<\/p>","protected":false},"author":1,"featured_media":0,"comment_status":"open","ping_status":"open","sticky":false,"template":"","format":"standard","meta":[],"categories":[1],"tags":[],"_links":{"self":[{"href":"https:\/\/www.ecletismomusical.pt\/en\/wp-json\/wp\/v2\/posts\/673"}],"collection":[{"href":"https:\/\/www.ecletismomusical.pt\/en\/wp-json\/wp\/v2\/posts"}],"about":[{"href":"https:\/\/www.ecletismomusical.pt\/en\/wp-json\/wp\/v2\/types\/post"}],"author":[{"embeddable":true,"href":"https:\/\/www.ecletismomusical.pt\/en\/wp-json\/wp\/v2\/users\/1"}],"replies":[{"embeddable":true,"href":"https:\/\/www.ecletismomusical.pt\/en\/wp-json\/wp\/v2\/comments?post=673"}],"version-history":[{"count":0,"href":"https:\/\/www.ecletismomusical.pt\/en\/wp-json\/wp\/v2\/posts\/673\/revisions"}],"wp:attachment":[{"href":"https:\/\/www.ecletismomusical.pt\/en\/wp-json\/wp\/v2\/media?parent=673"}],"wp:term":[{"taxonomy":"category","embeddable":true,"href":"https:\/\/www.ecletismomusical.pt\/en\/wp-json\/wp\/v2\/categories?post=673"},{"taxonomy":"post_tag","embeddable":true,"href":"https:\/\/www.ecletismomusical.pt\/en\/wp-json\/wp\/v2\/tags?post=673"}],"curies":[{"name":"wp","href":"https:\/\/api.w.org\/{rel}","templated":true}]}}