{"id":674,"date":"2009-09-01T11:25:00","date_gmt":"2009-09-01T11:25:00","guid":{"rendered":"https:\/\/ecletismomusical.pt\/eclectismo-musical-cotonete-golden-blog-agosto\/"},"modified":"2009-09-01T11:25:00","modified_gmt":"2009-09-01T11:25:00","slug":"eclectismo-musical-cotonete-golden-blog-agosto","status":"publish","type":"post","link":"https:\/\/www.ecletismomusical.pt\/en\/eclectismo-musical-cotonete-golden-blog-agosto\/","title":{"rendered":"Eclectismo Musical &#8211; Cotonete Golden Blog Agosto"},"content":{"rendered":"<p><a href=\"http:\/\/cotonete.clix.pt\/noticias\/body.aspx?id=43563\"><img style=\"cursor: pointer;width: 347px;height: 205px\" src=\"http:\/\/1.bp.blogspot.com\/_D55cn-YT1LU\/Sp0IhuLr5HI\/AAAAAAAAAC8\/1Vff0h2SrNE\/s320\/golden1.jpg\" alt=\"\" id=\"BLOGGER_PHOTO_ID_5376462905575990386\" \/><\/a><\/p>\n<p><span style=\"font-family:arial\">O <span style=\"font-weight: bold\">Eclectismo Musical<\/span> foi considerado pelos leitores do <a href=\"http:\/\/cotonete.clix.pt\/\">Cotonete<\/a>, como o <a href=\"http:\/\/cotonete.clix.pt\/noticias\/body.aspx?id=43563\"><span style=\"font-weight: bold\">melhor blog do m\u00eas<\/span><\/a>! Os resultados da vota\u00e7\u00e3o foram os seguintes:<\/span><\/p>\n<div style=\"text-align: justify\"><span style=\"font-weight: bold;font-family:arial\">Eclectismo Musical \u2013 66,37%<\/span><br \/><span style=\"font-family:arial\">Blogue Palman\u00edaco \u2013 23,46%<\/span><br \/><span style=\"font-family:arial\">Mundo Urbano \u2013 5,67%<\/span><br \/><span style=\"font-family:arial\">A Tenda dos \u00cdndios \u2013 4,11%<\/span><br \/><span style=\"font-family:arial\">Opuskulo \u2013 0,39%<\/span><\/p>\n<p><span style=\"font-family:arial\">Muito obrigado ao <a href=\"http:\/\/cotonete.clix.pt\/\">Cotonete<\/a> pelo destaque e, em especial, a todos os que votaram para tornar o Eclectismo Musical como um dos Golden Blogs do <a href=\"http:\/\/cotonete.clix.pt\/\">Cotonete<\/a>, com uma vota\u00e7\u00e3o surpreendentemente esmagadora! Um dos pr\u00e9mios atribu\u00eddos ser\u00e1 a possibilidade de ter uma r\u00e1dio tem\u00e1tica dispon\u00edvel para audi\u00e7\u00e3o no Cotonete. A r\u00e1dio em causa ter\u00e1 a denomina\u00e7\u00e3o de \u201cCotonete Golden Blog Radio\u201d. Mais novidades nos pr\u00f3ximos dias!<\/span><\/div>","protected":false},"excerpt":{"rendered":"<p>O Eclectismo Musical foi considerado pelos leitores do Cotonete, como o melhor blog do m\u00eas! Os resultados da vota\u00e7\u00e3o foram os seguintes: Eclectismo Musical \u2013 66,37%Blogue Palman\u00edaco \u2013 23,46%Mundo Urbano \u2013 5,67%A Tenda dos \u00cdndios \u2013 4,11%Opuskulo \u2013 0,39% Muito obrigado ao Cotonete pelo destaque e, em especial, a todos os que votaram para tornar<\/p>","protected":false},"author":1,"featured_media":0,"comment_status":"open","ping_status":"open","sticky":false,"template":"","format":"standard","meta":[],"categories":[1],"tags":[],"_links":{"self":[{"href":"https:\/\/www.ecletismomusical.pt\/en\/wp-json\/wp\/v2\/posts\/674"}],"collection":[{"href":"https:\/\/www.ecletismomusical.pt\/en\/wp-json\/wp\/v2\/posts"}],"about":[{"href":"https:\/\/www.ecletismomusical.pt\/en\/wp-json\/wp\/v2\/types\/post"}],"author":[{"embeddable":true,"href":"https:\/\/www.ecletismomusical.pt\/en\/wp-json\/wp\/v2\/users\/1"}],"replies":[{"embeddable":true,"href":"https:\/\/www.ecletismomusical.pt\/en\/wp-json\/wp\/v2\/comments?post=674"}],"version-history":[{"count":0,"href":"https:\/\/www.ecletismomusical.pt\/en\/wp-json\/wp\/v2\/posts\/674\/revisions"}],"wp:attachment":[{"href":"https:\/\/www.ecletismomusical.pt\/en\/wp-json\/wp\/v2\/media?parent=674"}],"wp:term":[{"taxonomy":"category","embeddable":true,"href":"https:\/\/www.ecletismomusical.pt\/en\/wp-json\/wp\/v2\/categories?post=674"},{"taxonomy":"post_tag","embeddable":true,"href":"https:\/\/www.ecletismomusical.pt\/en\/wp-json\/wp\/v2\/tags?post=674"}],"curies":[{"name":"wp","href":"https:\/\/api.w.org\/{rel}","templated":true}]}}