{"id":677,"date":"2009-08-23T16:15:00","date_gmt":"2009-08-23T16:15:00","guid":{"rendered":"https:\/\/ecletismomusical.pt\/lhasa\/"},"modified":"2009-08-23T16:15:00","modified_gmt":"2009-08-23T16:15:00","slug":"lhasa","status":"publish","type":"post","link":"https:\/\/www.ecletismomusical.pt\/en\/lhasa\/","title":{"rendered":"Lhasa"},"content":{"rendered":"<div><a href=\"http:\/\/lhasadesela.com\/lhasa_de_sela\/album_details.php?lang=en&amp;iID=3\"><img src=\"http:\/\/ecx.images-amazon.com\/images\/I\/41g6qW9XhPL._SS400_.jpg\" width=\"236\" height=\"238\" \/><\/a><\/p>\n<p><span style=\"font-family:arial\">Depois dos inigm\u00e1ticos \u00abLa Llorona\u00bb e \u00abThe Living Road\u00bb, <a href=\"http:\/\/lhasadesela.com\/lhasa_de_sela\/album_details.php?lang=en&amp;iID=3\">Lhasa de Sela<\/a>, cantora de esp\u00edrito livre e cora\u00e7\u00e3o n\u00f3mada, lan\u00e7ou este ano o seu 3\u00ba \u00e1lbum. \u00abLhasa\u00bb \u00e9 uma demonstra\u00e7\u00e3o crua e verdadeira do que representa a sua m\u00fasica. Produzido e gravado em directo pela pr\u00f3pria, e inteiramente em ingl\u00eas, <a href=\"http:\/\/lhasadesela.com\/lhasa_de_sela\/album_details.php?lang=en&amp;iID=3\">\u00abLhasa\u00bb<\/a> conta com 12 can\u00e7\u00f5es que deambulam entre o folk e a world music.<\/p>\n<p>A conhecer.<\/span><\/div>\n<p><\/p>","protected":false},"excerpt":{"rendered":"<p>Depois dos inigm\u00e1ticos \u00abLa Llorona\u00bb e \u00abThe Living Road\u00bb, Lhasa de Sela, cantora de esp\u00edrito livre e cora\u00e7\u00e3o n\u00f3mada, lan\u00e7ou este ano o seu 3\u00ba \u00e1lbum. \u00abLhasa\u00bb \u00e9 uma demonstra\u00e7\u00e3o crua e verdadeira do que representa a sua m\u00fasica. Produzido e gravado em directo pela pr\u00f3pria, e inteiramente em ingl\u00eas, \u00abLhasa\u00bb conta com 12 can\u00e7\u00f5es<\/p>","protected":false},"author":1,"featured_media":0,"comment_status":"open","ping_status":"open","sticky":false,"template":"","format":"standard","meta":[],"categories":[1],"tags":[],"_links":{"self":[{"href":"https:\/\/www.ecletismomusical.pt\/en\/wp-json\/wp\/v2\/posts\/677"}],"collection":[{"href":"https:\/\/www.ecletismomusical.pt\/en\/wp-json\/wp\/v2\/posts"}],"about":[{"href":"https:\/\/www.ecletismomusical.pt\/en\/wp-json\/wp\/v2\/types\/post"}],"author":[{"embeddable":true,"href":"https:\/\/www.ecletismomusical.pt\/en\/wp-json\/wp\/v2\/users\/1"}],"replies":[{"embeddable":true,"href":"https:\/\/www.ecletismomusical.pt\/en\/wp-json\/wp\/v2\/comments?post=677"}],"version-history":[{"count":0,"href":"https:\/\/www.ecletismomusical.pt\/en\/wp-json\/wp\/v2\/posts\/677\/revisions"}],"wp:attachment":[{"href":"https:\/\/www.ecletismomusical.pt\/en\/wp-json\/wp\/v2\/media?parent=677"}],"wp:term":[{"taxonomy":"category","embeddable":true,"href":"https:\/\/www.ecletismomusical.pt\/en\/wp-json\/wp\/v2\/categories?post=677"},{"taxonomy":"post_tag","embeddable":true,"href":"https:\/\/www.ecletismomusical.pt\/en\/wp-json\/wp\/v2\/tags?post=677"}],"curies":[{"name":"wp","href":"https:\/\/api.w.org\/{rel}","templated":true}]}}