{"id":6882,"date":"2025-07-16T09:32:14","date_gmt":"2025-07-16T08:32:14","guid":{"rendered":"https:\/\/www.ecletismomusical.pt\/?p=6882"},"modified":"2025-07-16T09:34:52","modified_gmt":"2025-07-16T08:34:52","slug":"new-single-the-favors-the-hudson","status":"publish","type":"post","link":"https:\/\/www.ecletismomusical.pt\/en\/new-single-the-favors-the-hudson\/","title":{"rendered":"[New Single] The Favors &#8211; The Hudson"},"content":{"rendered":"<p><a href=\"https:\/\/www.instagram.com\/finneas\/\">Finneas<\/a> and <a href=\"https:\/\/www.instagram.com\/ashemusic\/\">Ashe<\/a> uniram-se sob o nome <a href=\"https:\/\/www.instagram.com\/wearethefavors\/\">The Favors<\/a> e apresentam com \u201cThe Hudson\u201d o segundo single do \u00e1lbum de estreia <em>The Dream<\/em>, com lan\u00e7amento marcado para 19 de setembro pela Darkroom Records.<\/p>\n\n\n\n<div class=\"wp-block-embed__wrapper\">\n<iframe width=\"900\" height=\"675\" src=\"https:\/\/www.youtube.com\/embed\/byi10_tFWRI?feature=oembed\" frameborder=\"0\" allowfullscreen><\/iframe>\n<\/div>\n\n\n\n<p>Depois da estreia com &#8220;The Little Mess You Made&#8221;, &#8220;The Hudson&#8221; apresenta mais uma balada a dois que se revela como um espa\u00e7o de constru\u00e7\u00e3o emocional partilhada, onde as vozes coexistem em equil\u00edbrio e as can\u00e7\u00f5es se tornam confessionais sem se perderem em dramatismo.<\/p>\n\n\n\n<div class=\"wp-block-embed__wrapper\">\n<iframe style=\"border-radius: 12px\" width=\"100%\" height=\"352\" frameborder=\"0\" allowfullscreen src=\"https:\/\/open.spotify.com\/embed\/artist\/78R275jHTtGF0ue4QfBKpI?utm_source=oembed\"><\/iframe>\n<\/div>","protected":false},"excerpt":{"rendered":"<p>Finneas e Ashe uniram-se sob o nome The Favors e apresentam com \u201cThe Hudson\u201d o segundo single do \u00e1lbum de estreia The Dream, com lan\u00e7amento marcado para 19 de setembro pela Darkroom Records. Depois da estreia com &#8220;The Little Mess You Made&#8221;, &#8220;The Hudson&#8221; apresenta mais uma balada a dois que se revela como um<\/p>","protected":false},"author":1,"featured_media":6910,"comment_status":"open","ping_status":"open","sticky":false,"template":"","format":"standard","meta":[],"categories":[1,529,26],"tags":[1201,1200,85,87,1199],"_links":{"self":[{"href":"https:\/\/www.ecletismomusical.pt\/en\/wp-json\/wp\/v2\/posts\/6882"}],"collection":[{"href":"https:\/\/www.ecletismomusical.pt\/en\/wp-json\/wp\/v2\/posts"}],"about":[{"href":"https:\/\/www.ecletismomusical.pt\/en\/wp-json\/wp\/v2\/types\/post"}],"author":[{"embeddable":true,"href":"https:\/\/www.ecletismomusical.pt\/en\/wp-json\/wp\/v2\/users\/1"}],"replies":[{"embeddable":true,"href":"https:\/\/www.ecletismomusical.pt\/en\/wp-json\/wp\/v2\/comments?post=6882"}],"version-history":[{"count":1,"href":"https:\/\/www.ecletismomusical.pt\/en\/wp-json\/wp\/v2\/posts\/6882\/revisions"}],"predecessor-version":[{"id":6885,"href":"https:\/\/www.ecletismomusical.pt\/en\/wp-json\/wp\/v2\/posts\/6882\/revisions\/6885"}],"wp:featuredmedia":[{"embeddable":true,"href":"https:\/\/www.ecletismomusical.pt\/en\/wp-json\/wp\/v2\/media\/6910"}],"wp:attachment":[{"href":"https:\/\/www.ecletismomusical.pt\/en\/wp-json\/wp\/v2\/media?parent=6882"}],"wp:term":[{"taxonomy":"category","embeddable":true,"href":"https:\/\/www.ecletismomusical.pt\/en\/wp-json\/wp\/v2\/categories?post=6882"},{"taxonomy":"post_tag","embeddable":true,"href":"https:\/\/www.ecletismomusical.pt\/en\/wp-json\/wp\/v2\/tags?post=6882"}],"curies":[{"name":"wp","href":"https:\/\/api.w.org\/{rel}","templated":true}]}}