{"id":6894,"date":"2025-07-16T13:39:02","date_gmt":"2025-07-16T12:39:02","guid":{"rendered":"https:\/\/www.ecletismomusical.pt\/?p=6894"},"modified":"2025-07-16T13:52:13","modified_gmt":"2025-07-16T12:52:13","slug":"worth-listening-to-sex-week-lone-wolf","status":"publish","type":"post","link":"https:\/\/www.ecletismomusical.pt\/en\/worth-listening-to-sex-week-lone-wolf\/","title":{"rendered":"[Worth Listening to] Sex Week &#8211; Lone Wolf"},"content":{"rendered":"<p>\u201cLone Wolf\u201d \u00e9 o segundo single de avan\u00e7o para <em>Upper Mezzanine<\/em>, o novo EP dos <strong><a href=\"https:\/\/www.instagram.com\/sexweeek\/\">Sex Week<\/a><\/strong>, com lan\u00e7amento marcado para 1 de agosto. Mantendo a est\u00e9tica sombria e et\u00e9rea do seu primeiro trabalho, a banda aprofunda aqui o territ\u00f3rio emocional e sonoro que a distingue: indie rock melanc\u00f3lico, produ\u00e7\u00e3o detalhada e vozes que pairam entre o confessional e o performativo.<\/p>\n\n\n\n<div class=\"wp-block-embed__wrapper\">\n<iframe width=\"900\" height=\"675\" src=\"https:\/\/www.youtube.com\/embed\/FxOXaQNN8Hk?feature=oembed\" frameborder=\"0\" allowfullscreen><\/iframe>\n<\/div>\n\n\n\n<p>Formados em Nova Iorque, os Sex Week nasceram do encontro entre <strong>Pearl Amanda Dickson<\/strong>, vocalista e actriz, e <strong>Richard Orofino<\/strong>, m\u00fasico e produtor.<\/p>\n\n\n\n<div class=\"wp-block-embed__wrapper\">\n<iframe style=\"border-radius: 12px\" width=\"100%\" height=\"352\" frameborder=\"0\" allowfullscreen src=\"https:\/\/open.spotify.com\/embed\/artist\/5bcg41eahXhsa30vaMvv0r?utm_source=oembed\"><\/iframe>\n<\/div>","protected":false},"excerpt":{"rendered":"<p>\u201cLone Wolf\u201d \u00e9 o segundo single de avan\u00e7o para Upper Mezzanine, o novo EP dos Sex Week, com lan\u00e7amento marcado para 1 de agosto. Mantendo a est\u00e9tica sombria e et\u00e9rea do seu primeiro trabalho, a banda aprofunda aqui o territ\u00f3rio emocional e sonoro que a distingue: indie rock melanc\u00f3lico, produ\u00e7\u00e3o detalhada e vozes que pairam<\/p>","protected":false},"author":1,"featured_media":6896,"comment_status":"open","ping_status":"open","sticky":false,"template":"","format":"standard","meta":[],"categories":[1,26,30],"tags":[87,1204,115],"_links":{"self":[{"href":"https:\/\/www.ecletismomusical.pt\/en\/wp-json\/wp\/v2\/posts\/6894"}],"collection":[{"href":"https:\/\/www.ecletismomusical.pt\/en\/wp-json\/wp\/v2\/posts"}],"about":[{"href":"https:\/\/www.ecletismomusical.pt\/en\/wp-json\/wp\/v2\/types\/post"}],"author":[{"embeddable":true,"href":"https:\/\/www.ecletismomusical.pt\/en\/wp-json\/wp\/v2\/users\/1"}],"replies":[{"embeddable":true,"href":"https:\/\/www.ecletismomusical.pt\/en\/wp-json\/wp\/v2\/comments?post=6894"}],"version-history":[{"count":1,"href":"https:\/\/www.ecletismomusical.pt\/en\/wp-json\/wp\/v2\/posts\/6894\/revisions"}],"predecessor-version":[{"id":6897,"href":"https:\/\/www.ecletismomusical.pt\/en\/wp-json\/wp\/v2\/posts\/6894\/revisions\/6897"}],"wp:featuredmedia":[{"embeddable":true,"href":"https:\/\/www.ecletismomusical.pt\/en\/wp-json\/wp\/v2\/media\/6896"}],"wp:attachment":[{"href":"https:\/\/www.ecletismomusical.pt\/en\/wp-json\/wp\/v2\/media?parent=6894"}],"wp:term":[{"taxonomy":"category","embeddable":true,"href":"https:\/\/www.ecletismomusical.pt\/en\/wp-json\/wp\/v2\/categories?post=6894"},{"taxonomy":"post_tag","embeddable":true,"href":"https:\/\/www.ecletismomusical.pt\/en\/wp-json\/wp\/v2\/tags?post=6894"}],"curies":[{"name":"wp","href":"https:\/\/api.w.org\/{rel}","templated":true}]}}