{"id":694,"date":"2009-07-02T10:41:00","date_gmt":"2009-07-02T10:41:00","guid":{"rendered":"https:\/\/ecletismomusical.pt\/lestics\/"},"modified":"2009-07-02T10:41:00","modified_gmt":"2009-07-02T10:41:00","slug":"lestics","status":"publish","type":"post","link":"https:\/\/www.ecletismomusical.pt\/en\/lestics\/","title":{"rendered":"Lestics"},"content":{"rendered":"<div><a href=\"http:\/\/www.lestics.com.br\/\"><img src=\"http:\/\/www.galeriamusical.com.br\/lestics_hoje.jpg\" width=\"287\" height=\"295\" \/><\/a><\/p>\n<p><a href=\"http:\/\/www.lestics.com.br\/\"><span style=\"font-family:arial\">Lestics<\/span><\/a><span style=\"font-family:arial\"> \u00e9 uma banda brasileira da cidade de S\u00e3o Paulo formada por Olavo Rocha (vocal), Umberto Sipieri (multi-instrumentalista), Marcelo Patu (baixo), Felipe Duarte (bateria) e Lirinha (guitarra). Surgiu no fim do ano de 2006, editou tr\u00eas discos, que est\u00e3o dispon\u00edveis para download gratu\u00edto no site oficial da banda em <\/span><a href=\"http:\/\/www.lestics.com.br\/\"><span style=\"font-family:arial\">Lestiscs.com.br<\/span><\/a><span style=\"font-family:arial\"><\/p>\n<p>As m\u00fasicas s\u00e3o, nas palavras dos pr\u00f3prios &#8220;uma mistura de rock, pop, folk e g\u00eaneros afins&#8221;. Depois de dois \u00e1lbuns caseiros, foi recentemente lan\u00e7ado \u00abHoje\u00bb, terceiro \u00e1lbum desta interessante e criativa banda de S\u00e3o Paulo. Para ouvir no <\/span><a href=\"http:\/\/www.myspace.com\/lestics\"><span style=\"font-family:arial\">myspace<\/span><\/a><span style=\"font-family:arial\"> ou para descobrir atrav\u00e9s do download dispon\u00edvel no <\/span><a href=\"http:\/\/www.lestics.com.br\/\"><span style=\"font-family:arial\">site oficial <\/span><\/a><span style=\"font-family:arial\">da banda. <\/span><\/div>\n<p><span style=\"font-family:arial\">A Descobrir!<\/span><\/p>\n<p><span style=\"font-family:arial\"><br \/><\/p>\n<p><\/span><\/p>","protected":false},"excerpt":{"rendered":"<p>Lestics \u00e9 uma banda brasileira da cidade de S\u00e3o Paulo formada por Olavo Rocha (vocal), Umberto Sipieri (multi-instrumentalista), Marcelo Patu (baixo), Felipe Duarte (bateria) e Lirinha (guitarra). Surgiu no fim do ano de 2006, editou tr\u00eas discos, que est\u00e3o dispon\u00edveis para download gratu\u00edto no site oficial da banda em Lestiscs.com.br As m\u00fasicas s\u00e3o, nas palavras<\/p>","protected":false},"author":1,"featured_media":0,"comment_status":"open","ping_status":"open","sticky":false,"template":"","format":"standard","meta":[],"categories":[1],"tags":[],"_links":{"self":[{"href":"https:\/\/www.ecletismomusical.pt\/en\/wp-json\/wp\/v2\/posts\/694"}],"collection":[{"href":"https:\/\/www.ecletismomusical.pt\/en\/wp-json\/wp\/v2\/posts"}],"about":[{"href":"https:\/\/www.ecletismomusical.pt\/en\/wp-json\/wp\/v2\/types\/post"}],"author":[{"embeddable":true,"href":"https:\/\/www.ecletismomusical.pt\/en\/wp-json\/wp\/v2\/users\/1"}],"replies":[{"embeddable":true,"href":"https:\/\/www.ecletismomusical.pt\/en\/wp-json\/wp\/v2\/comments?post=694"}],"version-history":[{"count":0,"href":"https:\/\/www.ecletismomusical.pt\/en\/wp-json\/wp\/v2\/posts\/694\/revisions"}],"wp:attachment":[{"href":"https:\/\/www.ecletismomusical.pt\/en\/wp-json\/wp\/v2\/media?parent=694"}],"wp:term":[{"taxonomy":"category","embeddable":true,"href":"https:\/\/www.ecletismomusical.pt\/en\/wp-json\/wp\/v2\/categories?post=694"},{"taxonomy":"post_tag","embeddable":true,"href":"https:\/\/www.ecletismomusical.pt\/en\/wp-json\/wp\/v2\/tags?post=694"}],"curies":[{"name":"wp","href":"https:\/\/api.w.org\/{rel}","templated":true}]}}