{"id":695,"date":"2009-06-30T16:00:00","date_gmt":"2009-06-30T16:00:00","guid":{"rendered":"https:\/\/ecletismomusical.pt\/globalizacao\/"},"modified":"2009-06-30T16:00:00","modified_gmt":"2009-06-30T16:00:00","slug":"globalizacao","status":"publish","type":"post","link":"https:\/\/www.ecletismomusical.pt\/en\/globalizacao\/","title":{"rendered":"Globaliza\u00e7\u00e3o"},"content":{"rendered":"<div><a href=\"http:\/\/www.myspace.com\/oivavoi\"><img src=\"http:\/\/ecx.images-amazon.com\/images\/I\/5121auiyn2L.jpg\" width=\"331\" height=\"296\" \/><\/a><br \/><span style=\"font-family:arial\"><a href=\"http:\/\/www.myspace.com\/oivavoi\">Oi Va Voi<\/a> &#8211; Travelling the Face of the Globe (2009)<\/p>\n<p>\u00c9 o regresso de uma banda formada em Londres por diversas comunidades juda\u00edcas e que ficou conhecida por m\u00fasicas como <strong>\u00abRefugee\u00bb<\/strong> or <strong>\u00ab7 Brothers\u00bb<\/strong> do \u00e1lbum de 2003: <strong>\u00abLaughter Through Tears\u00bb<\/strong>.<\/p>\n<p>Os <a href=\"http:\/\/www.myspace.com\/oivavoi\">Oi Va Voi<\/a> resgatando as influ\u00eancias tradicionais (Cigano e Klezmer), com m\u00fasicas muitas vezes cantadas em Ladino, s\u00e3o uma interessante mescla que se reuniu em Londres para apresentar um conjunto de grandes temas, tendencialmente dan\u00e7antes, e com uma enorme diversidade e riqueza instrumental. Este novo \u00e1lbum \u00ab<strong>Travelling the Face of the Globe\u00bb<\/strong> parece resultar numa tentativa de uma maior abertura, com a utiliza\u00e7\u00e3o do ingl\u00eas na maior parte das can\u00e7\u00f5es.<\/p>\n<p>Para ouvir e descobrir.<\/span><\/p>\n<p><\/div>","protected":false},"excerpt":{"rendered":"<p>Oi Va Voi &#8211; Travelling the Face of the Globe (2009) \u00c9 o regresso de uma banda formada em Londres por diversas comunidades juda\u00edcas e que ficou conhecida por m\u00fasicas como \u00abRefugee\u00bb ou \u00ab7 Brothers\u00bb do \u00e1lbum de 2003: \u00abLaughter Through Tears\u00bb. Os Oi Va Voi resgatando as influ\u00eancias tradicionais (Cigano e Klezmer), com m\u00fasicas<\/p>","protected":false},"author":1,"featured_media":0,"comment_status":"open","ping_status":"open","sticky":false,"template":"","format":"standard","meta":[],"categories":[1],"tags":[],"_links":{"self":[{"href":"https:\/\/www.ecletismomusical.pt\/en\/wp-json\/wp\/v2\/posts\/695"}],"collection":[{"href":"https:\/\/www.ecletismomusical.pt\/en\/wp-json\/wp\/v2\/posts"}],"about":[{"href":"https:\/\/www.ecletismomusical.pt\/en\/wp-json\/wp\/v2\/types\/post"}],"author":[{"embeddable":true,"href":"https:\/\/www.ecletismomusical.pt\/en\/wp-json\/wp\/v2\/users\/1"}],"replies":[{"embeddable":true,"href":"https:\/\/www.ecletismomusical.pt\/en\/wp-json\/wp\/v2\/comments?post=695"}],"version-history":[{"count":0,"href":"https:\/\/www.ecletismomusical.pt\/en\/wp-json\/wp\/v2\/posts\/695\/revisions"}],"wp:attachment":[{"href":"https:\/\/www.ecletismomusical.pt\/en\/wp-json\/wp\/v2\/media?parent=695"}],"wp:term":[{"taxonomy":"category","embeddable":true,"href":"https:\/\/www.ecletismomusical.pt\/en\/wp-json\/wp\/v2\/categories?post=695"},{"taxonomy":"post_tag","embeddable":true,"href":"https:\/\/www.ecletismomusical.pt\/en\/wp-json\/wp\/v2\/tags?post=695"}],"curies":[{"name":"wp","href":"https:\/\/api.w.org\/{rel}","templated":true}]}}