{"id":6961,"date":"2025-07-21T10:16:08","date_gmt":"2025-07-21T09:16:08","guid":{"rendered":"https:\/\/www.ecletismomusical.pt\/?p=6961"},"modified":"2025-07-21T10:16:08","modified_gmt":"2025-07-21T09:16:08","slug":"worth-listening-to-fabia-rebordao-renato-teixeira-romaria","status":"publish","type":"post","link":"https:\/\/www.ecletismomusical.pt\/en\/worth-listening-to-fabia-rebordao-renato-teixeira-romaria\/","title":{"rendered":"[Worth Listening to] F\u00e1bia Rebord\u00e3o &#038; Renato Teixeira &#8211; Romaria"},"content":{"rendered":"<div class=\"wp-block-embed__wrapper\">\n<iframe width=\"900\" height=\"506\" src=\"https:\/\/www.youtube.com\/embed\/XPEp8YTTRjI?feature=oembed\" frameborder=\"0\" allowfullscreen><\/iframe>\n<\/div>\n\n\n\n<p><a href=\"https:\/\/www.instagram.com\/fabiarebordao\/\">F\u00e1bia Rebord\u00e3o<\/a> tem vindo a trilhar um percurso ineg\u00e1vel na m\u00fasica portuguesa. Qualidade, bom gosto e sobriedade t\u00eam marcado a sua hist\u00f3ria.<\/p>\n\n\n\n<p>O \u00e1lbum <em>Pontas Soltas<\/em> representa o requinte de F\u00e1bia na interpreta\u00e7\u00e3o de temas intemporais e marcantes, contando inclusivamente com a colabora\u00e7\u00e3o de alguns int\u00e9rpretes das can\u00e7\u00f5es como Ney Matogrosso e Zeca Baleiro.<\/p>\n\n\n\n<div class=\"wp-block-embed__wrapper\">\n<iframe style=\"border-radius: 12px\" width=\"100%\" height=\"352\" frameborder=\"0\" allowfullscreen src=\"https:\/\/open.spotify.com\/embed\/album\/3IW4bC7le0cFhJbHz2UmSp?utm_source=oembed\"><\/iframe>\n<\/div>\n\n\n\n<p><br>Conforme descrito pela pr\u00f3pria, &#8220;Romaria&#8221; \u00e9:<\/p>\n\n\n\n<p>&#8220;<em>Uma can\u00e7\u00e3o que vive no cora\u00e7\u00e3o de muitos. Um encontro entre gera\u00e7\u00f5es, entre fado e m\u00fasica brasileira. <\/em><\/p>\n\n\n\n<p><em>Uma travessia de f\u00e9, emo\u00e7\u00e3o e entrega. \u201cRomaria\u201d, de <a href=\"https:\/\/www.instagram.com\/renatoteixeira\/\">Renato Teixeira<\/a>, \u00e9 agora interpretada num dueto profundo e comovente entre o autor e <a href=\"https:\/\/www.instagram.com\/fabiarebordao\/\">F\u00e1bia Rebord\u00e3o<\/a>, uma das vozes mais marcantes do fado contempor\u00e2neo. <\/em><\/p>\n\n\n\n<p><em>Esta vers\u00e3o integra o disco Pontas Soltas, onde F\u00e1bia partilha can\u00e7\u00f5es com Ney Matogrosso, Zeca Baleiro. F\u00e1bia Rebord\u00e3o interpreta neste \u00e1lbum, temas que s\u00e3o intemporais e marcantes para si.<\/em>&#8220;<\/p>","protected":false},"excerpt":{"rendered":"<p>F\u00e1bia Rebord\u00e3o tem vindo a trilhar um percurso ineg\u00e1vel na m\u00fasica portuguesa. Qualidade, bom gosto e sobriedade t\u00eam marcado a sua hist\u00f3ria. O \u00e1lbum Pontas Soltas representa o requinte de F\u00e1bia na interpreta\u00e7\u00e3o de temas intemporais e marcantes, contando inclusivamente com a colabora\u00e7\u00e3o de alguns int\u00e9rpretes das can\u00e7\u00f5es como Ney Matogrosso e Zeca Baleiro. Conforme<\/p>","protected":false},"author":1,"featured_media":6964,"comment_status":"open","ping_status":"open","sticky":false,"template":"","format":"standard","meta":[],"categories":[1,263,235,30],"tags":[1214,1216,89,1215,115],"_links":{"self":[{"href":"https:\/\/www.ecletismomusical.pt\/en\/wp-json\/wp\/v2\/posts\/6961"}],"collection":[{"href":"https:\/\/www.ecletismomusical.pt\/en\/wp-json\/wp\/v2\/posts"}],"about":[{"href":"https:\/\/www.ecletismomusical.pt\/en\/wp-json\/wp\/v2\/types\/post"}],"author":[{"embeddable":true,"href":"https:\/\/www.ecletismomusical.pt\/en\/wp-json\/wp\/v2\/users\/1"}],"replies":[{"embeddable":true,"href":"https:\/\/www.ecletismomusical.pt\/en\/wp-json\/wp\/v2\/comments?post=6961"}],"version-history":[{"count":3,"href":"https:\/\/www.ecletismomusical.pt\/en\/wp-json\/wp\/v2\/posts\/6961\/revisions"}],"predecessor-version":[{"id":6967,"href":"https:\/\/www.ecletismomusical.pt\/en\/wp-json\/wp\/v2\/posts\/6961\/revisions\/6967"}],"wp:featuredmedia":[{"embeddable":true,"href":"https:\/\/www.ecletismomusical.pt\/en\/wp-json\/wp\/v2\/media\/6964"}],"wp:attachment":[{"href":"https:\/\/www.ecletismomusical.pt\/en\/wp-json\/wp\/v2\/media?parent=6961"}],"wp:term":[{"taxonomy":"category","embeddable":true,"href":"https:\/\/www.ecletismomusical.pt\/en\/wp-json\/wp\/v2\/categories?post=6961"},{"taxonomy":"post_tag","embeddable":true,"href":"https:\/\/www.ecletismomusical.pt\/en\/wp-json\/wp\/v2\/tags?post=6961"}],"curies":[{"name":"wp","href":"https:\/\/api.w.org\/{rel}","templated":true}]}}