{"id":6968,"date":"2025-07-23T09:53:05","date_gmt":"2025-07-23T08:53:05","guid":{"rendered":"https:\/\/www.ecletismomusical.pt\/?p=6968"},"modified":"2025-07-23T09:53:11","modified_gmt":"2025-07-23T08:53:11","slug":"worth-listening-to-dag-och-natt-tunis","status":"publish","type":"post","link":"https:\/\/www.ecletismomusical.pt\/en\/worth-listening-to-dag-och-natt-tunis\/","title":{"rendered":"[Worth Listening to] Dag och Natt &#8211; Tunis"},"content":{"rendered":"<p><a href=\"https:\/\/www.instagram.com\/dagochnattmusik\/\">Dag och Natt<\/a> (dia e noite), quarteto sueco formado em Estocolmo e com o nome que significa literalmente <em>dia e noite<\/em>, d\u00e1 agora mais um passo rumo ao seu \u00e1lbum de estreia, com a can\u00e7\u00e3o \u201cTunis\u201d a marcar o terceiro avan\u00e7o de <em>Years And Years<\/em>, com lan\u00e7amento marcado para 15 de agosto pela Labrador Records.<\/p>\n\n\n\n<div class=\"wp-block-embed__wrapper\">\n<iframe width=\"900\" height=\"506\" src=\"https:\/\/www.youtube.com\/embed\/b9LCjYHZ2UU?feature=oembed\" frameborder=\"0\" allowfullscreen><\/iframe>\n<\/div>\n\n\n\n<p>Depois de \u201cIron Man\u201d e \u201cFalling the Same Way\u201d, esta nova faixa aprofunda a linha est\u00e9tica e emocional que os define: come\u00e7a minimalista, quase t\u00edmida, e vai-se expandindo at\u00e9 alcan\u00e7ar uma vibra\u00e7\u00e3o densa, org\u00e2nica e cintilante. \u201cEscrevemo-la num dia quente e soalheiro, deix\u00e1mo-nos levar pelos acordes\u201d, dizem. <\/p>\n\n\n\n<p>Na superf\u00edcie, as can\u00e7\u00f5es parecem simples. Mas por baixo h\u00e1 camadas emocionais que revelam tens\u00f5es entre for\u00e7a e fragilidade, entre o desejo de ficar e a necessidade de partir.<\/p>\n\n\n\n<div class=\"wp-block-embed__wrapper\">\n<iframe style=\"border-radius: 12px\" width=\"100%\" height=\"352\" frameborder=\"0\" allowfullscreen src=\"https:\/\/open.spotify.com\/embed\/album\/5IitSk6nOb34UfajWY42zU?utm_source=oembed\"><\/iframe>\n<\/div>","protected":false},"excerpt":{"rendered":"<p>Dag och Natt (dia e noite), quarteto sueco formado em Estocolmo e com o nome que significa literalmente dia e noite, d\u00e1 agora mais um passo rumo ao seu \u00e1lbum de estreia, com a can\u00e7\u00e3o \u201cTunis\u201d a marcar o terceiro avan\u00e7o de Years And Years, com lan\u00e7amento marcado para 15 de agosto pela Labrador Records.<\/p>","protected":false},"author":1,"featured_media":6971,"comment_status":"open","ping_status":"open","sticky":false,"template":"","format":"standard","meta":[],"categories":[1,529,26,30],"tags":[1217,85,87,115],"_links":{"self":[{"href":"https:\/\/www.ecletismomusical.pt\/en\/wp-json\/wp\/v2\/posts\/6968"}],"collection":[{"href":"https:\/\/www.ecletismomusical.pt\/en\/wp-json\/wp\/v2\/posts"}],"about":[{"href":"https:\/\/www.ecletismomusical.pt\/en\/wp-json\/wp\/v2\/types\/post"}],"author":[{"embeddable":true,"href":"https:\/\/www.ecletismomusical.pt\/en\/wp-json\/wp\/v2\/users\/1"}],"replies":[{"embeddable":true,"href":"https:\/\/www.ecletismomusical.pt\/en\/wp-json\/wp\/v2\/comments?post=6968"}],"version-history":[{"count":2,"href":"https:\/\/www.ecletismomusical.pt\/en\/wp-json\/wp\/v2\/posts\/6968\/revisions"}],"predecessor-version":[{"id":6972,"href":"https:\/\/www.ecletismomusical.pt\/en\/wp-json\/wp\/v2\/posts\/6968\/revisions\/6972"}],"wp:featuredmedia":[{"embeddable":true,"href":"https:\/\/www.ecletismomusical.pt\/en\/wp-json\/wp\/v2\/media\/6971"}],"wp:attachment":[{"href":"https:\/\/www.ecletismomusical.pt\/en\/wp-json\/wp\/v2\/media?parent=6968"}],"wp:term":[{"taxonomy":"category","embeddable":true,"href":"https:\/\/www.ecletismomusical.pt\/en\/wp-json\/wp\/v2\/categories?post=6968"},{"taxonomy":"post_tag","embeddable":true,"href":"https:\/\/www.ecletismomusical.pt\/en\/wp-json\/wp\/v2\/tags?post=6968"}],"curies":[{"name":"wp","href":"https:\/\/api.w.org\/{rel}","templated":true}]}}