{"id":6974,"date":"2025-07-23T13:17:58","date_gmt":"2025-07-23T12:17:58","guid":{"rendered":"https:\/\/www.ecletismomusical.pt\/?p=6974"},"modified":"2025-07-23T13:19:12","modified_gmt":"2025-07-23T12:19:12","slug":"new-single-mari-froes-x-trinix-vaitimbora","status":"publish","type":"post","link":"https:\/\/www.ecletismomusical.pt\/en\/new-single-mari-froes-x-trinix-vaitimbora\/","title":{"rendered":"[New Single] Mari Froes x TRINIX &#8211; Vaitimbora"},"content":{"rendered":"<p>Em 2020, o<strong> Musical Eclecticism<\/strong> <a href=\"https:\/\/www.ecletismomusical.pt\/en\/entrevista-mariana-froes\/\">escrevia aquando da entrevista<\/a> que realizou com <strong>Mari Froes<\/strong> que:<em> &#8220;Quando o talento brota naturalmente, o trabalho \u00e9 o seu melhor aliado.\u00a0<strong><a href=\"https:\/\/www.instagram.com\/froesmari\/?hl=pt\">Mariana Froes<\/a>\u00a0<\/strong>\u00e9 um caso raro. Ser\u00e1 gigante no futuro. \u00c9 uma das mais talentosas novas artistas brasileiras. A sua maturidade, graciosidade e timbre s\u00e3o not\u00e1veis e far\u00e3o com que exista um antes e um depois de Mariana na m\u00fasica brasileira. Mariana nasceu em 2003. Sim, fez em Fevereiro 17 anos.&#8221;<\/em><\/p>\n\n\n\n<div class=\"wp-block-embed__wrapper\">\n<iframe width=\"900\" height=\"506\" src=\"https:\/\/www.youtube.com\/embed\/qQ2DZEnVL3k?feature=oembed\" frameborder=\"0\" allowfullscreen><\/iframe>\n<\/div>\n\n\n\n<p><\/p>\n\n\n\n<p>Seis anos depois, <strong>Mari Froes<\/strong> tem uma carreira consolidada na m\u00fasica brasileira (com diversas passagens por Portugal &#8211; tour com novas datas para outubro 2025 &#8211; <a href=\"https:\/\/www.instagram.com\/p\/DMIo_OYO1xg\/\">AQUI<\/a>) e com muitos milh\u00f5es de audi\u00e7\u00f5es nas plataformas digitais (cerca de 8 milh\u00f5es por m\u00eas s\u00f3 no spotify).<\/p>\n\n\n\n<p>Recentemente, lan\u00e7ou o single <strong>&#8220;Vaitimora&#8221;<\/strong>, com o duo franc\u00eas <a href=\"https:\/\/www.instagram.com\/trinixmusic\/\">TRINIX<\/a>, mestres da eletr\u00f3nica pop feita de texturas e calor. (E com quem j\u00e1 havia trabalhado em &#8220;Figa&#8221;.<\/p>\n\n\n\n<p>A jovem Mari, com 17 anos, dizia ao Ecletismo Musical que <em>&#8220;Aos 27 anos espero ter conseguido estabilizar meu nome como uma das renomadas artistas da nova MPB. Planejo ter realizado trabalhos dos quais eu me orgulho, ampliar meu p\u00fablico e estar fazendo shows pelo Brasil afora. Tenho planos definidos para que isso aconte\u00e7a, mas em grande parte se resumem a seguir trilhando meu caminho, lan\u00e7ando m\u00fasicas, abra\u00e7ando as oportunidades que me vem, me preparando psicologicamente e melhorando cada vez mais o engajamento com os meus f\u00e3s.&#8221; <\/em><\/p>\n\n\n\n<p>Tal como j\u00e1 se havia escrito, tudo aconteceu muito antes dos 27 anos e o potencial de crescimento continua a ser exponencial.<\/p>\n\n\n\n<div class=\"wp-block-embed__wrapper\">\n<iframe style=\"border-radius: 12px\" width=\"100%\" height=\"352\" frameborder=\"0\" allowfullscreen src=\"https:\/\/open.spotify.com\/embed\/artist\/60oAQJsBmykZP3GwjbSL6S?utm_source=oembed\"><\/iframe>\n<\/div>\n\n\n\n<p><\/p>","protected":false},"excerpt":{"rendered":"<p>Em 2020, o Ecletismo Musical escrevia aquando da entrevista que realizou com Mari Froes que: &#8220;Quando o talento brota naturalmente, o trabalho \u00e9 o seu melhor aliado.\u00a0Mariana Froes\u00a0\u00e9 um caso raro. Ser\u00e1 gigante no futuro. \u00c9 uma das mais talentosas novas artistas brasileiras. A sua maturidade, graciosidade e timbre s\u00e3o not\u00e1veis e far\u00e3o com que<\/p>","protected":false},"author":1,"featured_media":6979,"comment_status":"open","ping_status":"open","sticky":false,"template":"","format":"standard","meta":[],"categories":[1,26,30],"tags":[1218,804,87,115],"_links":{"self":[{"href":"https:\/\/www.ecletismomusical.pt\/en\/wp-json\/wp\/v2\/posts\/6974"}],"collection":[{"href":"https:\/\/www.ecletismomusical.pt\/en\/wp-json\/wp\/v2\/posts"}],"about":[{"href":"https:\/\/www.ecletismomusical.pt\/en\/wp-json\/wp\/v2\/types\/post"}],"author":[{"embeddable":true,"href":"https:\/\/www.ecletismomusical.pt\/en\/wp-json\/wp\/v2\/users\/1"}],"replies":[{"embeddable":true,"href":"https:\/\/www.ecletismomusical.pt\/en\/wp-json\/wp\/v2\/comments?post=6974"}],"version-history":[{"count":5,"href":"https:\/\/www.ecletismomusical.pt\/en\/wp-json\/wp\/v2\/posts\/6974\/revisions"}],"predecessor-version":[{"id":6982,"href":"https:\/\/www.ecletismomusical.pt\/en\/wp-json\/wp\/v2\/posts\/6974\/revisions\/6982"}],"wp:featuredmedia":[{"embeddable":true,"href":"https:\/\/www.ecletismomusical.pt\/en\/wp-json\/wp\/v2\/media\/6979"}],"wp:attachment":[{"href":"https:\/\/www.ecletismomusical.pt\/en\/wp-json\/wp\/v2\/media?parent=6974"}],"wp:term":[{"taxonomy":"category","embeddable":true,"href":"https:\/\/www.ecletismomusical.pt\/en\/wp-json\/wp\/v2\/categories?post=6974"},{"taxonomy":"post_tag","embeddable":true,"href":"https:\/\/www.ecletismomusical.pt\/en\/wp-json\/wp\/v2\/tags?post=6974"}],"curies":[{"name":"wp","href":"https:\/\/api.w.org\/{rel}","templated":true}]}}