{"id":6983,"date":"2025-07-24T09:30:00","date_gmt":"2025-07-24T08:30:00","guid":{"rendered":"https:\/\/www.ecletismomusical.pt\/?p=6983"},"modified":"2025-07-24T09:29:30","modified_gmt":"2025-07-24T08:29:30","slug":"new-single-white-lies-in-the-middle","status":"publish","type":"post","link":"https:\/\/www.ecletismomusical.pt\/en\/new-single-white-lies-in-the-middle\/","title":{"rendered":"[New Single] White Lies &#8211; In The Middle"},"content":{"rendered":"<p>\u201cIn The Middle\u201d \u00e9 o primeiro vislumbre do pr\u00f3ximo \u00e1lbum dos <a href=\"https:\/\/www.instagram.com\/whiteliesofficial\/\">White Lies<\/a>, <em>Night Light<\/em>, com lan\u00e7amento marcado para novembro. O processo criativo foi ao contr\u00e1rio do habitual: primeiro tocaram ao vivo, em ensaios, para depois gravar. E isso nota-se. Aqui h\u00e1 corpo e profundidade.<\/p>\n\n\n\n<div class=\"wp-block-embed__wrapper\">\n<iframe width=\"900\" height=\"506\" src=\"https:\/\/www.youtube.com\/embed\/vcLylsuH3m0?feature=oembed\" frameborder=\"0\" allowfullscreen><\/iframe>\n<\/div>","protected":false},"excerpt":{"rendered":"<p>\u201cIn The Middle\u201d \u00e9 o primeiro vislumbre do pr\u00f3ximo \u00e1lbum dos White Lies, Night Light, com lan\u00e7amento marcado para novembro. O processo criativo foi ao contr\u00e1rio do habitual: primeiro tocaram ao vivo, em ensaios, para depois gravar. E isso nota-se. Aqui h\u00e1 corpo e profundidade.<\/p>","protected":false},"author":1,"featured_media":6985,"comment_status":"open","ping_status":"open","sticky":false,"template":"","format":"standard","meta":[],"categories":[1,529,26,263],"tags":[85,87,464],"_links":{"self":[{"href":"https:\/\/www.ecletismomusical.pt\/en\/wp-json\/wp\/v2\/posts\/6983"}],"collection":[{"href":"https:\/\/www.ecletismomusical.pt\/en\/wp-json\/wp\/v2\/posts"}],"about":[{"href":"https:\/\/www.ecletismomusical.pt\/en\/wp-json\/wp\/v2\/types\/post"}],"author":[{"embeddable":true,"href":"https:\/\/www.ecletismomusical.pt\/en\/wp-json\/wp\/v2\/users\/1"}],"replies":[{"embeddable":true,"href":"https:\/\/www.ecletismomusical.pt\/en\/wp-json\/wp\/v2\/comments?post=6983"}],"version-history":[{"count":1,"href":"https:\/\/www.ecletismomusical.pt\/en\/wp-json\/wp\/v2\/posts\/6983\/revisions"}],"predecessor-version":[{"id":6986,"href":"https:\/\/www.ecletismomusical.pt\/en\/wp-json\/wp\/v2\/posts\/6983\/revisions\/6986"}],"wp:featuredmedia":[{"embeddable":true,"href":"https:\/\/www.ecletismomusical.pt\/en\/wp-json\/wp\/v2\/media\/6985"}],"wp:attachment":[{"href":"https:\/\/www.ecletismomusical.pt\/en\/wp-json\/wp\/v2\/media?parent=6983"}],"wp:term":[{"taxonomy":"category","embeddable":true,"href":"https:\/\/www.ecletismomusical.pt\/en\/wp-json\/wp\/v2\/categories?post=6983"},{"taxonomy":"post_tag","embeddable":true,"href":"https:\/\/www.ecletismomusical.pt\/en\/wp-json\/wp\/v2\/tags?post=6983"}],"curies":[{"name":"wp","href":"https:\/\/api.w.org\/{rel}","templated":true}]}}