{"id":699,"date":"2009-06-19T11:44:00","date_gmt":"2009-06-19T11:44:00","guid":{"rendered":"https:\/\/ecletismomusical.pt\/um-classico-carminho\/"},"modified":"2009-06-19T11:44:00","modified_gmt":"2009-06-19T11:44:00","slug":"um-classico-carminho","status":"publish","type":"post","link":"https:\/\/www.ecletismomusical.pt\/en\/um-classico-carminho\/","title":{"rendered":"Um Cl\u00e1ssico: Carminho"},"content":{"rendered":"<div><a href=\"http:\/\/www.carminho.net\/\"><img src=\"http:\/\/www.carminho.net\/images\/carminho.jpg\" width=\"381\" height=\"383\" \/><\/a><\/p>\n<p><span style=\"font-family:arial\">Aos 24 anos, a maturidade de uma fadista de alma, onde tudo \u00e9 natural, tudo \u00e9 Fado, tudo \u00e9 verdade.<\/span><a href=\"http:\/\/www.carminho.net\/\"><span style=\"font-family:arial\"> Carminho<\/span><\/a><span style=\"font-family:arial\">, a voz do Fado. O seu Primeiro \u00e1lbum ser\u00e1 certamente, daqui a 20 anos, um cl\u00e1ssico do Fado Portugu\u00eas.<br \/><\/span><br \/><\/div>","protected":false},"excerpt":{"rendered":"<p>Aos 24 anos, a maturidade de uma fadista de alma, onde tudo \u00e9 natural, tudo \u00e9 Fado, tudo \u00e9 verdade. Carminho, a voz do Fado. O seu Primeiro \u00e1lbum ser\u00e1 certamente, daqui a 20 anos, um cl\u00e1ssico do Fado Portugu\u00eas.<\/p>","protected":false},"author":1,"featured_media":0,"comment_status":"open","ping_status":"open","sticky":false,"template":"","format":"standard","meta":[],"categories":[1],"tags":[],"_links":{"self":[{"href":"https:\/\/www.ecletismomusical.pt\/en\/wp-json\/wp\/v2\/posts\/699"}],"collection":[{"href":"https:\/\/www.ecletismomusical.pt\/en\/wp-json\/wp\/v2\/posts"}],"about":[{"href":"https:\/\/www.ecletismomusical.pt\/en\/wp-json\/wp\/v2\/types\/post"}],"author":[{"embeddable":true,"href":"https:\/\/www.ecletismomusical.pt\/en\/wp-json\/wp\/v2\/users\/1"}],"replies":[{"embeddable":true,"href":"https:\/\/www.ecletismomusical.pt\/en\/wp-json\/wp\/v2\/comments?post=699"}],"version-history":[{"count":0,"href":"https:\/\/www.ecletismomusical.pt\/en\/wp-json\/wp\/v2\/posts\/699\/revisions"}],"wp:attachment":[{"href":"https:\/\/www.ecletismomusical.pt\/en\/wp-json\/wp\/v2\/media?parent=699"}],"wp:term":[{"taxonomy":"category","embeddable":true,"href":"https:\/\/www.ecletismomusical.pt\/en\/wp-json\/wp\/v2\/categories?post=699"},{"taxonomy":"post_tag","embeddable":true,"href":"https:\/\/www.ecletismomusical.pt\/en\/wp-json\/wp\/v2\/tags?post=699"}],"curies":[{"name":"wp","href":"https:\/\/api.w.org\/{rel}","templated":true}]}}