{"id":6996,"date":"2025-07-24T11:00:58","date_gmt":"2025-07-24T10:00:58","guid":{"rendered":"https:\/\/www.ecletismomusical.pt\/?p=6996"},"modified":"2025-07-24T11:04:25","modified_gmt":"2025-07-24T10:04:25","slug":"worth-listening-to-lagum-a-cidade","status":"publish","type":"post","link":"https:\/\/www.ecletismomusical.pt\/en\/worth-listening-to-lagum-a-cidade\/","title":{"rendered":"[Worth Listening to] Lagum &#8211; A Cidade"},"content":{"rendered":"<p>O que pode fazer uma banda quando perde um dos seus? [O hist\u00f3rico baterista da banda: &#8220;Tio Wilson&#8221; faleceu em 2020] \u201cA Cidade\u201d n\u00e3o quer ser apenas um hino \u00e0 saudade, quer ser um espelho urbano onde ecoa a aus\u00eancia. A nova faixa dos <a href=\"https:\/\/www.instagram.com\/lagumoficial\/\">Lagum<\/a> cresce sem alarde, at\u00e9 revelar um refr\u00e3o que faz a cidade inteira parar: \u201ca cidade sem voc\u00ea virou um caos, e eu tamb\u00e9m\u201d. [Estar\u00e3o por Portugal em Abril de 2026]<\/p>\n\n\n\n<div class=\"wp-block-embed__wrapper\">\n<iframe width=\"900\" height=\"506\" src=\"https:\/\/www.youtube.com\/embed\/5dv75GW1ErU?feature=oembed\" frameborder=\"0\" allowfullscreen><\/iframe>\n<\/div>\n\n\n\n<p>Musicalmente, esta balada guarda ecos dos grandes hits da banda, como \u201cDeixa\u201d e \u201cOi\u201d, mas com uma maturidade renovada.  O resultado \u00e9 \u00edntimo e amplo, pessoal e coletivo. \u00c9 essa ambival\u00eancia que faz de \u201cA Cidade\u201d uma das can\u00e7\u00f5es mais ouvidas do novo \u00e1lbum <strong><em>As Cores, as Curvas e as Dores do Mundo<\/em>.<\/strong><\/p>\n\n\n\n<p>\u00c1lbum que merece uma audi\u00e7\u00e3o cuidada e que est\u00e1 recheado de grandes can\u00e7\u00f5es indie pop.<\/p>\n\n\n\n<div class=\"wp-block-embed__wrapper\">\n<iframe style=\"border-radius: 12px\" width=\"100%\" height=\"352\" frameborder=\"0\" allowfullscreen src=\"https:\/\/open.spotify.com\/embed\/album\/7LHPGpPZV2duyGmI2KthiX?si=mURFbVomRrK6zTg7EO_lkQ&#038;utm_source=oembed\"><\/iframe>\n<\/div>\n\n\n\n<p>A produ\u00e7\u00e3o visual fortalece o emocional. Dirigido por Vito Soares, em parceria criativa com Pedro Calais, o videoclip captura algo raro: uma banda em cena a olhar para a pr\u00f3pria hist\u00f3ria, ao mesmo tempo que olha para fora, para o mundo que a escuta.<\/p>\n\n\n\n<div class=\"wp-block-embed__wrapper\">\n<iframe style=\"border-radius: 12px\" width=\"100%\" height=\"152\" frameborder=\"0\" allowfullscreen src=\"https:\/\/open.spotify.com\/embed\/track\/6chCkT8RkDC0kM66HKfPQb?si=beae39aab5324ff0&#038;utm_source=oembed\"><\/iframe>\n<\/div>\n\n\n\n<p><a href=\"\"><\/a><\/p>\n\n\n\n<p>No fim, a bateria fica vazia, mas a cidade continua e, pela m\u00fasica, um pouco menos vazia.<\/p>","protected":false},"excerpt":{"rendered":"<p>O que pode fazer uma banda quando perde um dos seus? [O hist\u00f3rico baterista da banda: &#8220;Tio Wilson&#8221; faleceu em 2020] \u201cA Cidade\u201d n\u00e3o quer ser apenas um hino \u00e0 saudade, quer ser um espelho urbano onde ecoa a aus\u00eancia. A nova faixa dos Lagum cresce sem alarde, at\u00e9 revelar um refr\u00e3o que faz a<\/p>","protected":false},"author":1,"featured_media":6999,"comment_status":"open","ping_status":"open","sticky":false,"template":"","format":"standard","meta":[],"categories":[1,529,26,30],"tags":[1220,85,115],"_links":{"self":[{"href":"https:\/\/www.ecletismomusical.pt\/en\/wp-json\/wp\/v2\/posts\/6996"}],"collection":[{"href":"https:\/\/www.ecletismomusical.pt\/en\/wp-json\/wp\/v2\/posts"}],"about":[{"href":"https:\/\/www.ecletismomusical.pt\/en\/wp-json\/wp\/v2\/types\/post"}],"author":[{"embeddable":true,"href":"https:\/\/www.ecletismomusical.pt\/en\/wp-json\/wp\/v2\/users\/1"}],"replies":[{"embeddable":true,"href":"https:\/\/www.ecletismomusical.pt\/en\/wp-json\/wp\/v2\/comments?post=6996"}],"version-history":[{"count":2,"href":"https:\/\/www.ecletismomusical.pt\/en\/wp-json\/wp\/v2\/posts\/6996\/revisions"}],"predecessor-version":[{"id":7002,"href":"https:\/\/www.ecletismomusical.pt\/en\/wp-json\/wp\/v2\/posts\/6996\/revisions\/7002"}],"wp:featuredmedia":[{"embeddable":true,"href":"https:\/\/www.ecletismomusical.pt\/en\/wp-json\/wp\/v2\/media\/6999"}],"wp:attachment":[{"href":"https:\/\/www.ecletismomusical.pt\/en\/wp-json\/wp\/v2\/media?parent=6996"}],"wp:term":[{"taxonomy":"category","embeddable":true,"href":"https:\/\/www.ecletismomusical.pt\/en\/wp-json\/wp\/v2\/categories?post=6996"},{"taxonomy":"post_tag","embeddable":true,"href":"https:\/\/www.ecletismomusical.pt\/en\/wp-json\/wp\/v2\/tags?post=6996"}],"curies":[{"name":"wp","href":"https:\/\/api.w.org\/{rel}","templated":true}]}}