{"id":700,"date":"2009-06-16T23:22:00","date_gmt":"2009-06-16T23:22:00","guid":{"rendered":"https:\/\/ecletismomusical.pt\/fanfarlo-a-0-72-eur\/"},"modified":"2009-06-16T23:22:00","modified_gmt":"2009-06-16T23:22:00","slug":"fanfarlo-a-0-72-eur","status":"publish","type":"post","link":"https:\/\/www.ecletismomusical.pt\/en\/fanfarlo-a-0-72-eur\/","title":{"rendered":"Fanfarlo&#8230;a 0.72 EUR"},"content":{"rendered":"<p><a href=\"http:\/\/www.fanfarlo.com\/\"><img src=\"http:\/\/farm3.static.flickr.com\/2416\/2214932160_2c906acfb3.jpg\" width=\"411\" height=\"203\" \/><\/a><\/p>\n<div><\/div>\n<div><\/div>\n<div><strong><span style=\"font-family:arial\">Uma das revela\u00e7\u00f5es do ano, dispon\u00edvel at\u00e9 4 de Julho por 0,72\u20ac no <a href=\"http:\/\/www.fanfarlo.com\/\">site oficial<\/a>! Obrigat\u00f3rio!<\/span><\/strong><\/div>\n<div><span style=\"font-family:arial\">Download our album \u201cReservoir\u201d\u201a for one dollar until July 4th <\/span><\/div>\n<div><span style=\"font-family:arial\">Hello. Because we want everyone to hear our album, and in the spirit of \u201cwhy not\u201d, we are now letting you download it, along with 4 exclusive bonus tracks, for a mere one dollar until July 4th (or, if you like, Independence Day.) After that, the madness will end and you will be able to get the CD, the vinyl and a beautiful new special edition at normal prices.<\/span> <\/div>\n<div><\/div>\n<div><\/div>\n<p><\/p>","protected":false},"excerpt":{"rendered":"<p>Uma das revela\u00e7\u00f5es do ano, dispon\u00edvel at\u00e9 4 de Julho por 0,72\u20ac no site oficial! Obrigat\u00f3rio! Download our album \u201cReservoir\u201d\u201a for one dollar until July 4th Hello. Because we want everyone to hear our album, and in the spirit of \u201cwhy not\u201d, we are now letting you download it, along with 4 exclusive bonus tracks,<\/p>","protected":false},"author":1,"featured_media":0,"comment_status":"open","ping_status":"open","sticky":false,"template":"","format":"standard","meta":[],"categories":[1],"tags":[],"_links":{"self":[{"href":"https:\/\/www.ecletismomusical.pt\/en\/wp-json\/wp\/v2\/posts\/700"}],"collection":[{"href":"https:\/\/www.ecletismomusical.pt\/en\/wp-json\/wp\/v2\/posts"}],"about":[{"href":"https:\/\/www.ecletismomusical.pt\/en\/wp-json\/wp\/v2\/types\/post"}],"author":[{"embeddable":true,"href":"https:\/\/www.ecletismomusical.pt\/en\/wp-json\/wp\/v2\/users\/1"}],"replies":[{"embeddable":true,"href":"https:\/\/www.ecletismomusical.pt\/en\/wp-json\/wp\/v2\/comments?post=700"}],"version-history":[{"count":0,"href":"https:\/\/www.ecletismomusical.pt\/en\/wp-json\/wp\/v2\/posts\/700\/revisions"}],"wp:attachment":[{"href":"https:\/\/www.ecletismomusical.pt\/en\/wp-json\/wp\/v2\/media?parent=700"}],"wp:term":[{"taxonomy":"category","embeddable":true,"href":"https:\/\/www.ecletismomusical.pt\/en\/wp-json\/wp\/v2\/categories?post=700"},{"taxonomy":"post_tag","embeddable":true,"href":"https:\/\/www.ecletismomusical.pt\/en\/wp-json\/wp\/v2\/tags?post=700"}],"curies":[{"name":"wp","href":"https:\/\/api.w.org\/{rel}","templated":true}]}}