{"id":7014,"date":"2025-07-27T18:21:00","date_gmt":"2025-07-27T17:21:00","guid":{"rendered":"https:\/\/www.ecletismomusical.pt\/?p=7014"},"modified":"2025-07-25T11:32:46","modified_gmt":"2025-07-25T10:32:46","slug":"new-single-royel-otis-say-something","status":"publish","type":"post","link":"https:\/\/www.ecletismomusical.pt\/en\/new-single-royel-otis-say-something\/","title":{"rendered":"[New Single] Royel Otis &#8211; say something"},"content":{"rendered":"<p>Os <a href=\"https:\/\/www.instagram.com\/royelotis\/\">Royel Otis<\/a> [j\u00e1 destacados pelo Ecletismo Musical &#8211; <strong><a href=\"https:\/\/www.ecletismomusical.pt\/en\/new-single-royel-otis-car\/\">AQUI]<\/a><\/strong> apresentam o terceiro <em>single<\/em> do seu muito aguardado novo \u00e1lbum: <em><strong>hickey<\/strong><\/em>, que sair\u00e1 a 22 de agosto. <\/p>\n\n\n\n<div class=\"wp-block-embed__wrapper\">\n<iframe width=\"900\" height=\"506\" src=\"https:\/\/www.youtube.com\/embed\/FIEKXjHgSbs?feature=oembed\" frameborder=\"0\" allowfullscreen><\/iframe>\n<\/div>\n\n\n\n<p>A melodia parece sa\u00edda dos anos 80, mas o sentimento \u00e9 atual: nost\u00e1lgico, tenso, luminoso e encaminha cada vez mais os Royel Otis para o sucesso global.<\/p>\n\n\n\n<div class=\"wp-block-embed__wrapper\">\n<iframe style=\"border-radius: 12px\" width=\"100%\" height=\"152\" frameborder=\"0\" allowfullscreen src=\"https:\/\/open.spotify.com\/embed\/track\/3E3UHWv6I1WD2PqBjbeXn7?si=14e0b3e5525c41b7&#038;utm_source=oembed\"><\/iframe>\n<\/div>","protected":false},"excerpt":{"rendered":"<p>Os Royel Otis [j\u00e1 destacados pelo Ecletismo Musical &#8211; AQUI] apresentam o terceiro single do seu muito aguardado novo \u00e1lbum: hickey, que sair\u00e1 a 22 de agosto. A melodia parece sa\u00edda dos anos 80, mas o sentimento \u00e9 atual: nost\u00e1lgico, tenso, luminoso e encaminha cada vez mais os Royel Otis para o sucesso global.<\/p>","protected":false},"author":1,"featured_media":7017,"comment_status":"open","ping_status":"open","sticky":false,"template":"","format":"standard","meta":[],"categories":[1,529,26,263],"tags":[85,87,1222],"_links":{"self":[{"href":"https:\/\/www.ecletismomusical.pt\/en\/wp-json\/wp\/v2\/posts\/7014"}],"collection":[{"href":"https:\/\/www.ecletismomusical.pt\/en\/wp-json\/wp\/v2\/posts"}],"about":[{"href":"https:\/\/www.ecletismomusical.pt\/en\/wp-json\/wp\/v2\/types\/post"}],"author":[{"embeddable":true,"href":"https:\/\/www.ecletismomusical.pt\/en\/wp-json\/wp\/v2\/users\/1"}],"replies":[{"embeddable":true,"href":"https:\/\/www.ecletismomusical.pt\/en\/wp-json\/wp\/v2\/comments?post=7014"}],"version-history":[{"count":1,"href":"https:\/\/www.ecletismomusical.pt\/en\/wp-json\/wp\/v2\/posts\/7014\/revisions"}],"predecessor-version":[{"id":7018,"href":"https:\/\/www.ecletismomusical.pt\/en\/wp-json\/wp\/v2\/posts\/7014\/revisions\/7018"}],"wp:featuredmedia":[{"embeddable":true,"href":"https:\/\/www.ecletismomusical.pt\/en\/wp-json\/wp\/v2\/media\/7017"}],"wp:attachment":[{"href":"https:\/\/www.ecletismomusical.pt\/en\/wp-json\/wp\/v2\/media?parent=7014"}],"wp:term":[{"taxonomy":"category","embeddable":true,"href":"https:\/\/www.ecletismomusical.pt\/en\/wp-json\/wp\/v2\/categories?post=7014"},{"taxonomy":"post_tag","embeddable":true,"href":"https:\/\/www.ecletismomusical.pt\/en\/wp-json\/wp\/v2\/tags?post=7014"}],"curies":[{"name":"wp","href":"https:\/\/api.w.org\/{rel}","templated":true}]}}