{"id":702,"date":"2009-06-04T14:11:00","date_gmt":"2009-06-04T14:11:00","guid":{"rendered":"https:\/\/ecletismomusical.pt\/foge-foge-bandido\/"},"modified":"2009-06-04T14:11:00","modified_gmt":"2009-06-04T14:11:00","slug":"foge-foge-bandido","status":"publish","type":"post","link":"https:\/\/www.ecletismomusical.pt\/en\/foge-foge-bandido\/","title":{"rendered":"Foge Foge Bandido"},"content":{"rendered":"<div><img src=\"http:\/\/lilainwonderland.files.wordpress.com\/2009\/04\/fogefogebandidobmp.jpg\" \/><\/p>\n<p><span style=\"font-family:arial\">Depois de ter esgotado a primeira edi\u00e7\u00e3o de cerca de 1100 exemplares, o CD\/Livro de <\/span><a href=\"http:\/\/www.fogefogebandido.com\/\"><span style=\"font-family:arial\">Foge Foge Bandido<\/span><\/a><span style=\"font-family:arial\"> \u00e9 reeditado. A obra de Manel Cruz encontra-se \u00e0 venda em exclusivo atrav\u00e9s da loja virtual CDGO e com algumas altera\u00e7\u00f5es \u00e0 vers\u00e3o original.<\/p>\n<p>Este trabalho inclu\u00ed cerca de 80 can\u00e7\u00f5es, 140 p\u00e1ginas de imagens e in\u00fameros convidados como Pacman (Da Weasel), Bezegol, Gon (ex-Zen) e ainda Peixe, Kinorm, El\u00edsio Donas e Nuno Prata (ex-Ornatos Violeta).<\/p>\n<p>&#8220;O Amor D\u00e1-me Tes\u00e3o\/ N\u00e3o Fui Eu Que Estraguei&#8221; pode ser comprado pelo pre\u00e7o de 30\u20ac.<\/p>\n<p>Para ver ao vivo:<\/p>\n<p>Os concertos acontecem <strong>nos dias 9 de Junho no Cinema S\u00e3o Jorge (Lisboa)<\/strong> and <strong>no dia 12 de Junho no Teatro S\u00e1 da Bandeira (Porto).<br \/><\/strong><\/span><br \/><\/div>","protected":false},"excerpt":{"rendered":"<p>Depois de ter esgotado a primeira edi\u00e7\u00e3o de cerca de 1100 exemplares, o CD\/Livro de Foge Foge Bandido \u00e9 reeditado. A obra de Manel Cruz encontra-se \u00e0 venda em exclusivo atrav\u00e9s da loja virtual CDGO e com algumas altera\u00e7\u00f5es \u00e0 vers\u00e3o original. Este trabalho inclu\u00ed cerca de 80 can\u00e7\u00f5es, 140 p\u00e1ginas de imagens e in\u00fameros<\/p>","protected":false},"author":1,"featured_media":0,"comment_status":"open","ping_status":"open","sticky":false,"template":"","format":"standard","meta":[],"categories":[1],"tags":[],"_links":{"self":[{"href":"https:\/\/www.ecletismomusical.pt\/en\/wp-json\/wp\/v2\/posts\/702"}],"collection":[{"href":"https:\/\/www.ecletismomusical.pt\/en\/wp-json\/wp\/v2\/posts"}],"about":[{"href":"https:\/\/www.ecletismomusical.pt\/en\/wp-json\/wp\/v2\/types\/post"}],"author":[{"embeddable":true,"href":"https:\/\/www.ecletismomusical.pt\/en\/wp-json\/wp\/v2\/users\/1"}],"replies":[{"embeddable":true,"href":"https:\/\/www.ecletismomusical.pt\/en\/wp-json\/wp\/v2\/comments?post=702"}],"version-history":[{"count":0,"href":"https:\/\/www.ecletismomusical.pt\/en\/wp-json\/wp\/v2\/posts\/702\/revisions"}],"wp:attachment":[{"href":"https:\/\/www.ecletismomusical.pt\/en\/wp-json\/wp\/v2\/media?parent=702"}],"wp:term":[{"taxonomy":"category","embeddable":true,"href":"https:\/\/www.ecletismomusical.pt\/en\/wp-json\/wp\/v2\/categories?post=702"},{"taxonomy":"post_tag","embeddable":true,"href":"https:\/\/www.ecletismomusical.pt\/en\/wp-json\/wp\/v2\/tags?post=702"}],"curies":[{"name":"wp","href":"https:\/\/api.w.org\/{rel}","templated":true}]}}