{"id":7023,"date":"2025-07-28T09:00:00","date_gmt":"2025-07-28T08:00:00","guid":{"rendered":"https:\/\/www.ecletismomusical.pt\/?p=7023"},"modified":"2025-07-27T09:01:22","modified_gmt":"2025-07-27T08:01:22","slug":"live-music-video-the-blaze-queen-of-dust","status":"publish","type":"post","link":"https:\/\/www.ecletismomusical.pt\/en\/live-music-video-the-blaze-queen-of-dust\/","title":{"rendered":"[Live Music Video] The Blaze &#8211; Queen of Dust"},"content":{"rendered":"<p>O duo franc\u00eas <strong><a href=\"https:\/\/www.instagram.com\/theblazeprod\/\">The Blaze<\/a><\/strong>, conhecido pela fus\u00e3o poderosa entre m\u00fasica eletr\u00f3nica e narrativas visuais intensas, acaba de lan\u00e7ar o <strong>v\u00eddeo ao vivo de &#8220;Queen of Dust&#8221;<\/strong>, retirado do seu primeiro \u00e1lbum ao vivo, intitulado <em>FOLK<\/em>.<\/p>\n\n\n\n<div class=\"wp-block-embed__wrapper\">\n<iframe width=\"900\" height=\"506\" src=\"https:\/\/www.youtube.com\/embed\/gLp6-N2g5IY?feature=oembed\" frameborder=\"0\" allowfullscreen><\/iframe>\n<\/div>\n\n\n\n<p>A performance, gravada no emblem\u00e1tico <strong>Royal Albert Hall<\/strong>, em Londres, revela uma faceta ainda mais emocional da m\u00fasica dos primos Guillaume e Jonathan Alric. Com uma cenografia minimalista e um jogo de luzes meticulosamente coreografado, <em>Queen of Dust<\/em> transforma-se numa verdadeira experi\u00eancia sensorial, onde o p\u00fablico se torna parte da pulsa\u00e7\u00e3o.<\/p>\n\n\n\n<div class=\"wp-block-embed__wrapper\">\n<iframe style=\"border-radius: 12px\" width=\"100%\" height=\"352\" frameborder=\"0\" allowfullscreen src=\"https:\/\/open.spotify.com\/embed\/album\/0nCpVIWYUcXJ8qrVMzaNPM?utm_source=oembed\"><\/iframe>\n<\/div>","protected":false},"excerpt":{"rendered":"<p>O duo franc\u00eas The Blaze, conhecido pela fus\u00e3o poderosa entre m\u00fasica eletr\u00f3nica e narrativas visuais intensas, acaba de lan\u00e7ar o v\u00eddeo ao vivo de &#8220;Queen of Dust&#8221;, retirado do seu primeiro \u00e1lbum ao vivo, intitulado FOLK. A performance, gravada no emblem\u00e1tico Royal Albert Hall, em Londres, revela uma faceta ainda mais emocional da m\u00fasica dos<\/p>","protected":false},"author":1,"featured_media":7026,"comment_status":"open","ping_status":"open","sticky":false,"template":"","format":"standard","meta":[],"categories":[1,175,529],"tags":[1223,85,87,262],"_links":{"self":[{"href":"https:\/\/www.ecletismomusical.pt\/en\/wp-json\/wp\/v2\/posts\/7023"}],"collection":[{"href":"https:\/\/www.ecletismomusical.pt\/en\/wp-json\/wp\/v2\/posts"}],"about":[{"href":"https:\/\/www.ecletismomusical.pt\/en\/wp-json\/wp\/v2\/types\/post"}],"author":[{"embeddable":true,"href":"https:\/\/www.ecletismomusical.pt\/en\/wp-json\/wp\/v2\/users\/1"}],"replies":[{"embeddable":true,"href":"https:\/\/www.ecletismomusical.pt\/en\/wp-json\/wp\/v2\/comments?post=7023"}],"version-history":[{"count":1,"href":"https:\/\/www.ecletismomusical.pt\/en\/wp-json\/wp\/v2\/posts\/7023\/revisions"}],"predecessor-version":[{"id":7027,"href":"https:\/\/www.ecletismomusical.pt\/en\/wp-json\/wp\/v2\/posts\/7023\/revisions\/7027"}],"wp:featuredmedia":[{"embeddable":true,"href":"https:\/\/www.ecletismomusical.pt\/en\/wp-json\/wp\/v2\/media\/7026"}],"wp:attachment":[{"href":"https:\/\/www.ecletismomusical.pt\/en\/wp-json\/wp\/v2\/media?parent=7023"}],"wp:term":[{"taxonomy":"category","embeddable":true,"href":"https:\/\/www.ecletismomusical.pt\/en\/wp-json\/wp\/v2\/categories?post=7023"},{"taxonomy":"post_tag","embeddable":true,"href":"https:\/\/www.ecletismomusical.pt\/en\/wp-json\/wp\/v2\/tags?post=7023"}],"curies":[{"name":"wp","href":"https:\/\/api.w.org\/{rel}","templated":true}]}}