{"id":7044,"date":"2025-07-29T11:56:30","date_gmt":"2025-07-29T10:56:30","guid":{"rendered":"https:\/\/www.ecletismomusical.pt\/?p=7044"},"modified":"2025-07-29T11:56:49","modified_gmt":"2025-07-29T10:56:49","slug":"live-session-matt-berninger-full-performance-live-on-kexp","status":"publish","type":"post","link":"https:\/\/www.ecletismomusical.pt\/en\/live-session-matt-berninger-full-performance-live-on-kexp\/","title":{"rendered":"[Live Session] Matt Berninger &#8211; Full Performance (Live on KEXP)"},"content":{"rendered":"<p><a href=\"https:\/\/www.instagram.com\/mattberninger\/\">Matt Berninger<\/a>, para al\u00e9m de vocalista dos The National, tem uma carreira a solo de igual mestria e lan\u00e7ou recentemente um novo \u00e1lbum. Ao vivo na KEXP, ele n\u00e3o canta para impressionar, canta para libertar o que n\u00e3o se diz, para dar corpo a um desconforto subtil que s\u00f3 a m\u00fasica sabe traduzir. <\/p>\n\n\n\n<p>Nesta performance \u00edntima, acompanhada por uma banda t\u00e3o precisa quanto discreta, ouvimos faixas do seu \u00e1lbum <em>Get Sunk<\/em>, como &#8220;Bonnet of Pins&#8221; ou &#8220;Inland Ocean&#8221;, onde a melancolia n\u00e3o \u00e9 artif\u00edcio, mas mat\u00e9ria-prima.<\/p>\n\n\n\n<div class=\"wp-block-embed__wrapper\">\n<iframe width=\"900\" height=\"506\" src=\"https:\/\/www.youtube.com\/embed\/EsCVQHcxBig?feature=oembed\" frameborder=\"0\" allowfullscreen><\/iframe>\n<\/div>","protected":false},"excerpt":{"rendered":"<p>Matt Berninger, para al\u00e9m de vocalista dos The National, tem uma carreira a solo de igual mestria e lan\u00e7ou recentemente um novo \u00e1lbum. Ao vivo na KEXP, ele n\u00e3o canta para impressionar, canta para libertar o que n\u00e3o se diz, para dar corpo a um desconforto subtil que s\u00f3 a m\u00fasica sabe traduzir. Nesta performance<\/p>","protected":false},"author":1,"featured_media":7046,"comment_status":"open","ping_status":"open","sticky":false,"template":"","format":"standard","meta":[],"categories":[1,175,483],"tags":[1226,526,1024,135],"_links":{"self":[{"href":"https:\/\/www.ecletismomusical.pt\/en\/wp-json\/wp\/v2\/posts\/7044"}],"collection":[{"href":"https:\/\/www.ecletismomusical.pt\/en\/wp-json\/wp\/v2\/posts"}],"about":[{"href":"https:\/\/www.ecletismomusical.pt\/en\/wp-json\/wp\/v2\/types\/post"}],"author":[{"embeddable":true,"href":"https:\/\/www.ecletismomusical.pt\/en\/wp-json\/wp\/v2\/users\/1"}],"replies":[{"embeddable":true,"href":"https:\/\/www.ecletismomusical.pt\/en\/wp-json\/wp\/v2\/comments?post=7044"}],"version-history":[{"count":1,"href":"https:\/\/www.ecletismomusical.pt\/en\/wp-json\/wp\/v2\/posts\/7044\/revisions"}],"predecessor-version":[{"id":7047,"href":"https:\/\/www.ecletismomusical.pt\/en\/wp-json\/wp\/v2\/posts\/7044\/revisions\/7047"}],"wp:featuredmedia":[{"embeddable":true,"href":"https:\/\/www.ecletismomusical.pt\/en\/wp-json\/wp\/v2\/media\/7046"}],"wp:attachment":[{"href":"https:\/\/www.ecletismomusical.pt\/en\/wp-json\/wp\/v2\/media?parent=7044"}],"wp:term":[{"taxonomy":"category","embeddable":true,"href":"https:\/\/www.ecletismomusical.pt\/en\/wp-json\/wp\/v2\/categories?post=7044"},{"taxonomy":"post_tag","embeddable":true,"href":"https:\/\/www.ecletismomusical.pt\/en\/wp-json\/wp\/v2\/tags?post=7044"}],"curies":[{"name":"wp","href":"https:\/\/api.w.org\/{rel}","templated":true}]}}